{"id":575,"date":"2019-01-18T18:04:09","date_gmt":"2019-01-18T18:04:09","guid":{"rendered":"http:\/\/www.radiopresidenteibanez.cl\/web\/?p=575"},"modified":"2019-01-18T18:04:22","modified_gmt":"2019-01-18T18:04:22","slug":"en-los-proximos-meses-porvenir-contara-con-su-cuarta-multicancha-con-pasto-sintetico","status":"publish","type":"post","link":"https:\/\/www.radiopresidenteibanez.cl\/web\/en-los-proximos-meses-porvenir-contara-con-su-cuarta-multicancha-con-pasto-sintetico\/","title":{"rendered":"EN LOS PR\u00d3XIMOS MESES PORVENIR CONTAR\u00c1 CON SU CUARTA MULTICANCHA CON PASTO SINT\u00c9TICO"},"content":{"rendered":"\n<p>El d\u00eda 20 de noviembre del a\u00f1o reci\u00e9n pasado la\nempresa contratista tom\u00f3 posesi\u00f3n de los terrenos de la multicancha ubicada en el\nsector norponiente de la ciudad, con el fin de dar inicio a las obras de la\ncuarta cancha de pasto sint\u00e9tico de la comuna de Porvenir.<\/p>\n\n\n\n<p>Se trata de un proyecto presentado e impulsado\na trav\u00e9s del municipio por la alcaldesa Marisol Andrade C\u00e1rdenas y se trata de\nun proyecto F.N.D.R; que alcanza una inversi\u00f3n que bordea los 146 millones de\npesos. Las obras comprenden el mejoramiento de la multicancha antes mencionada\ny la que se encuentra ubicada en el sector de Bah\u00eda Chilota de la capital\nfueguina. <\/p>\n\n\n\n<p>B\u00e1sicamente, en la primera multicancha se\nrealizar\u00e1 la aplicaci\u00f3n de pasto sint\u00e9tico y caucho para sellar el c\u00e9sped,\nconsiderando la demarcaci\u00f3n del campo de juego adem\u00e1s de arcos y redes. De la\nmisma manera, el proyecto considera la instalaci\u00f3n de cuatro torres de\niluminaci\u00f3n, cierre perimetral del campo de juego y los accesos\ncorrespondientes incluyendo acceso universal como dicta la normativa vigente,\ntambi\u00e9n incorpora grader\u00edas y un peque\u00f1o parque. Por su parte la multicancha de\nBah\u00eda Chilota considera el mejoramiento del cierre perimetral la carpeta de la\nloza del piso de la cancha, la iluminaci\u00f3n y el equipamiento propiamente tal.<\/p>\n\n\n\n<p>Al respecto la jefa comunal, indic\u00f3 \u201cque es un\nproyecto que ha tenido una muy buena acogida por parte de la comunidad, porque\nen general tanto los ni\u00f1os como los adultos gustan mucho de hacer deporte al\naire libre, y que mejor que lo puedan hacer en su barrio o su sector a trav\u00e9s\nde un espacio deportivo\u201d.<\/p>\n\n\n\n<p>Agreg\u00f3 la primera autoridad comunal, \u201cque las\nmejoras incluyen grader\u00edas, el cierre perimetral y el equipamiento de la parte\ndeportiva entre otras, de esta manera se le da esta linda soluci\u00f3n a estas dos\nmulticanchas de la comuna donde convergen mucha afluencia de p\u00fablico y por lo\ntanto me encuentro muy contenta con el desarrollo de este proyecto; Concluy\u00f3 la\nedil.<\/p>\n\n\n\n<p>Este proyecto tiene un plazo de ejecuci\u00f3n de siete\nmeses, fue licitada por la empresa contratista de Juan Carlos Calisto Rehbein,\nla instituci\u00f3n mandante es la Municipalidad de Porvenir a trav\u00e9s de su\nDirecci\u00f3n de Obras.<\/p>\n","protected":false},"excerpt":{"rendered":"<p>El d\u00eda 20 de noviembre del a\u00f1o reci\u00e9n pasado la empresa contratista tom\u00f3 posesi\u00f3n de los terrenos de la multicancha ubicada en el sector norponiente de la ciudad, con el&#8230; <a class=\"read-more\" href=\"https:\/\/www.radiopresidenteibanez.cl\/web\/en-los-proximos-meses-porvenir-contara-con-su-cuarta-multicancha-con-pasto-sintetico\/\">Leer m\u00e1s<\/a><\/p>\n","protected":false},"author":2,"featured_media":576,"comment_status":"closed","ping_status":"closed","sticky":false,"template":"","format":"standard","meta":{"footnotes":""},"categories":[1],"tags":[],"class_list":["post-575","post","type-post","status-publish","format-standard","has-post-thumbnail","hentry","category-cronica"],"_links":{"self":[{"href":"https:\/\/www.radiopresidenteibanez.cl\/web\/wp-json\/wp\/v2\/posts\/575","targetHints":{"allow":["GET"]}}],"collection":[{"href":"https:\/\/www.radiopresidenteibanez.cl\/web\/wp-json\/wp\/v2\/posts"}],"about":[{"href":"https:\/\/www.radiopresidenteibanez.cl\/web\/wp-json\/wp\/v2\/types\/post"}],"author":[{"embeddable":true,"href":"https:\/\/www.radiopresidenteibanez.cl\/web\/wp-json\/wp\/v2\/users\/2"}],"replies":[{"embeddable":true,"href":"https:\/\/www.radiopresidenteibanez.cl\/web\/wp-json\/wp\/v2\/comments?post=575"}],"version-history":[{"count":0,"href":"https:\/\/www.radiopresidenteibanez.cl\/web\/wp-json\/wp\/v2\/posts\/575\/revisions"}],"wp:featuredmedia":[{"embeddable":true,"href":"https:\/\/www.radiopresidenteibanez.cl\/web\/wp-json\/wp\/v2\/media\/576"}],"wp:attachment":[{"href":"https:\/\/www.radiopresidenteibanez.cl\/web\/wp-json\/wp\/v2\/media?parent=575"}],"wp:term":[{"taxonomy":"category","embeddable":true,"href":"https:\/\/www.radiopresidenteibanez.cl\/web\/wp-json\/wp\/v2\/categories?post=575"},{"taxonomy":"post_tag","embeddable":true,"href":"https:\/\/www.radiopresidenteibanez.cl\/web\/wp-json\/wp\/v2\/tags?post=575"}],"curies":[{"name":"wp","href":"https:\/\/api.w.org\/{rel}","templated":true}]}}