{"id":57495,"date":"2025-07-09T09:34:00","date_gmt":"2025-07-09T12:34:00","guid":{"rendered":"https:\/\/www.radiopresidenteibanez.cl\/web\/?p=57495"},"modified":"2025-07-09T08:27:58","modified_gmt":"2025-07-09T11:27:58","slug":"seremi-de-energia-llega-a-porvenir-y-junto-al-delegado-provincial-llaman-a-la-comunidad-fueguina-a-postular-al-subsidio-electrico","status":"publish","type":"post","link":"https:\/\/www.radiopresidenteibanez.cl\/web\/seremi-de-energia-llega-a-porvenir-y-junto-al-delegado-provincial-llaman-a-la-comunidad-fueguina-a-postular-al-subsidio-electrico\/","title":{"rendered":"Seremi de Energ\u00eda llega a Porvenir y junto al Delegado Provincial llaman a la comunidad fueguina a postular al Subsidio El\u00e9ctrico\u00a0"},"content":{"rendered":"\n<p>Hasta la capital de Tierra del Fuego se desplaz\u00f3 el Seremi de Energ\u00eda de Magallanes, Sergio Cuiti\u00f1o, para continuar con la difusi\u00f3n de la tercera convocatoria al Subsidio El\u00e9ctrico que, en la regi\u00f3n, podr\u00eda beneficiar a m\u00e1s de 36 mil clientes regulados.<\/p>\n\n\n\n<p>En la isla, el Seremi Cuiti\u00f1o junto a su equipo t\u00e9cnico, se instalaron en dependencias de la Delegaci\u00f3n Provincial para atender al p\u00fablico y orientarlo sobre la nueva convocatoria.<\/p>\n\n\n\n<p>Asimismo, personal de la repartici\u00f3n recibi\u00f3 de parte de la Seremi de Energ\u00eda una capacitaci\u00f3n para amplificar los canales de atenci\u00f3n al Subsidio El\u00e9ctrico.<\/p>\n\n\n\n<p>\u201cJunto al Delegado Provincial de Tierra del Fuego nos reunimos para maximizar la difusi\u00f3n del subsidio el\u00e9ctrico de manera tal, que este aporte del gobierno del presidente Gabriel Boric para aliviar el alza de la electricidad, alcance a la mayor cantidad de beneficiados del 40 por ciento del Registro Social de Hogares\u201d, dijo el seremi Sergio Cuiti\u00f1o.<\/p>\n\n\n\n<p>En este sentido, el titular regional de Energ\u00eda agradeci\u00f3 \u201cel compromiso y disponibilidad del Delegado Provincial de Tierra del Fuego, Jos\u00e9 Miguel Campos, para capacitar a sus funcionarios y por hacernos un espacio donde instalar nuestro punto de atenci\u00f3n y as\u00ed poder responder consultas de los usuarios\u201d, detall\u00f3.<\/p>\n\n\n\n<p>En tanto, el Delegado Presidencial de Tierra del Fuego, Jos\u00e9 Miguel Campos, valor\u00f3 la visita del Seremi de Energ\u00eda y su equipo, \u201cporque que viene a complementar nuestro trabajo de atenci\u00f3n a p\u00fablico que realizamos d\u00eda a d\u00eda en la Delegaci\u00f3n, el cual hoy tiene una tarea espec\u00edfica, que busca dar orientaci\u00f3n lo m\u00e1s clara y precisa posible a las personas que buscan recibir esta ayuda del gobierno para hacer frente al incremento en la boleta de la luz\u201d, sostuvo.<\/p>\n\n\n\n<p>El Delegado Campos, junto al Seremi Cuiti\u00f1o, reforzaron el llamado para que las personas que se encuentran dentro del 40 por ciento del Registro Social de Hogares, \u201ca postular y orientarse a trav\u00e9s de los distintos canales de atenci\u00f3n presencial, virtual y telef\u00f3nica disponibles para esta tercera convocatoria\u201d, manifestaron.&nbsp;<\/p>\n","protected":false},"excerpt":{"rendered":"<p>Hasta la capital de Tierra del Fuego se desplaz\u00f3 el Seremi de Energ\u00eda de Magallanes, Sergio Cuiti\u00f1o, para continuar con la difusi\u00f3n de la tercera convocatoria al Subsidio El\u00e9ctrico que,&#8230; <a class=\"read-more\" href=\"https:\/\/www.radiopresidenteibanez.cl\/web\/seremi-de-energia-llega-a-porvenir-y-junto-al-delegado-provincial-llaman-a-la-comunidad-fueguina-a-postular-al-subsidio-electrico\/\">Leer m\u00e1s<\/a><\/p>\n","protected":false},"author":2,"featured_media":57496,"comment_status":"closed","ping_status":"closed","sticky":false,"template":"","format":"standard","meta":{"footnotes":""},"categories":[1],"tags":[],"class_list":["post-57495","post","type-post","status-publish","format-standard","has-post-thumbnail","hentry","category-cronica"],"_links":{"self":[{"href":"https:\/\/www.radiopresidenteibanez.cl\/web\/wp-json\/wp\/v2\/posts\/57495","targetHints":{"allow":["GET"]}}],"collection":[{"href":"https:\/\/www.radiopresidenteibanez.cl\/web\/wp-json\/wp\/v2\/posts"}],"about":[{"href":"https:\/\/www.radiopresidenteibanez.cl\/web\/wp-json\/wp\/v2\/types\/post"}],"author":[{"embeddable":true,"href":"https:\/\/www.radiopresidenteibanez.cl\/web\/wp-json\/wp\/v2\/users\/2"}],"replies":[{"embeddable":true,"href":"https:\/\/www.radiopresidenteibanez.cl\/web\/wp-json\/wp\/v2\/comments?post=57495"}],"version-history":[{"count":0,"href":"https:\/\/www.radiopresidenteibanez.cl\/web\/wp-json\/wp\/v2\/posts\/57495\/revisions"}],"wp:featuredmedia":[{"embeddable":true,"href":"https:\/\/www.radiopresidenteibanez.cl\/web\/wp-json\/wp\/v2\/media\/57496"}],"wp:attachment":[{"href":"https:\/\/www.radiopresidenteibanez.cl\/web\/wp-json\/wp\/v2\/media?parent=57495"}],"wp:term":[{"taxonomy":"category","embeddable":true,"href":"https:\/\/www.radiopresidenteibanez.cl\/web\/wp-json\/wp\/v2\/categories?post=57495"},{"taxonomy":"post_tag","embeddable":true,"href":"https:\/\/www.radiopresidenteibanez.cl\/web\/wp-json\/wp\/v2\/tags?post=57495"}],"curies":[{"name":"wp","href":"https:\/\/api.w.org\/{rel}","templated":true}]}}