{"id":57486,"date":"2025-07-08T17:45:00","date_gmt":"2025-07-08T20:45:00","guid":{"rendered":"https:\/\/www.radiopresidenteibanez.cl\/web\/?p=57486"},"modified":"2025-07-08T15:51:59","modified_gmt":"2025-07-08T18:51:59","slug":"senador-kusanovic-los-buses-nuevos-finalmente-se-entregaran-esta-semana-sumandose-a-los-que-actualmente-estan-operando-y-la-otra-buena-noticia-es-que-la-empresa-dispondra-de-los-recursos-ne","status":"publish","type":"post","link":"https:\/\/www.radiopresidenteibanez.cl\/web\/senador-kusanovic-los-buses-nuevos-finalmente-se-entregaran-esta-semana-sumandose-a-los-que-actualmente-estan-operando-y-la-otra-buena-noticia-es-que-la-empresa-dispondra-de-los-recursos-ne\/","title":{"rendered":"Senador Kusanovic \u201cLos buses nuevos finalmente se entregar\u00e1n esta semana, sum\u00e1ndose a los que actualmente est\u00e1n operando, y la otra buena noticia es que la empresa dispondr\u00e1 de los recursos necesarios para los buses que necesitan mantenci\u00f3n para contar con plena operatividad\u201d."},"content":{"rendered":"\n<p>Preocupado se ha mostrado el senador y presidente de la Comisi\u00f3n de Transportes, Alejandro<br>Kusanovic, por la falta de certidumbre que ha rodeado la llegada de los nuevos buses al sistema<br>de transporte publico de Punta Arenas, especialmente por el avance del invierno donde las<br>bajas temperaturas afectan la espera de los usuarios, y la frecuencia de los recorridos es<br>fundamental para los usuarios.<br>Es por ello, que el parlamentario ha tomado contacto desde el ministro de Transportes, Juan<br>Carlos Mu\u00f1oz, hasta el seremi de Transportes de Magallanes, para despejar las dudas y dar<br>mayor certeza a la ciudadan\u00eda sobre el actual funcionamiento y especialmente la llegada de los<br>diez nuevos buses que se incorporaran al sistema de transporte p\u00fablico de Punta Arenas. La<br>entrega de estas unidades ha sufrido un retraso superior a dos meses en relaci\u00f3n con la fecha<br>originalmente anunciada, que correspond\u00eda a fines de mayo del presente a\u00f1o.<br>\u201cAqu\u00ed si bien tenemos temas que vienen de antes, sobre todo el mal dise\u00f1o de la licitaci\u00f3n del<br>servicio anterior, donde deber\u00eda haber estado separada las funciones de operador y de<br>mantenci\u00f3n. Hoy lo que debe preocuparnos son las personas que pasan m\u00e1s tiempo del<br>necesario esperando locomoci\u00f3n, estamos entrando a pleno invierno y se necesita mayor<br>frecuencia del servicio pronto\u201d alerto Kusanovic.<br>El parlamentario, luego de plantear la urgencia a las autoridades del ministerio, informo que:<br>\u201cLos buses nuevos finalmente se entregaran esta semana, sum\u00e1ndose a los buses que<br>actualmente est\u00e1n operando, y la otra buena noticia es que la empresa dispondr\u00e1 de los<br>recursos necesarios para los buses que necesitan mantenci\u00f3n o deben ser reparados para<br>contar con plena operatividad. Esperando que esto suceda una vez que se retomen las clases,<br>luego de las vacaciones de invierno\u201d concluye.<\/p>\n","protected":false},"excerpt":{"rendered":"<p>Preocupado se ha mostrado el senador y presidente de la Comisi\u00f3n de Transportes, AlejandroKusanovic, por la falta de certidumbre que ha rodeado la llegada de los nuevos buses al sistemade&#8230; <a class=\"read-more\" href=\"https:\/\/www.radiopresidenteibanez.cl\/web\/senador-kusanovic-los-buses-nuevos-finalmente-se-entregaran-esta-semana-sumandose-a-los-que-actualmente-estan-operando-y-la-otra-buena-noticia-es-que-la-empresa-dispondra-de-los-recursos-ne\/\">Leer m\u00e1s<\/a><\/p>\n","protected":false},"author":2,"featured_media":57487,"comment_status":"closed","ping_status":"closed","sticky":false,"template":"","format":"standard","meta":{"footnotes":""},"categories":[1],"tags":[],"class_list":["post-57486","post","type-post","status-publish","format-standard","has-post-thumbnail","hentry","category-cronica"],"_links":{"self":[{"href":"https:\/\/www.radiopresidenteibanez.cl\/web\/wp-json\/wp\/v2\/posts\/57486","targetHints":{"allow":["GET"]}}],"collection":[{"href":"https:\/\/www.radiopresidenteibanez.cl\/web\/wp-json\/wp\/v2\/posts"}],"about":[{"href":"https:\/\/www.radiopresidenteibanez.cl\/web\/wp-json\/wp\/v2\/types\/post"}],"author":[{"embeddable":true,"href":"https:\/\/www.radiopresidenteibanez.cl\/web\/wp-json\/wp\/v2\/users\/2"}],"replies":[{"embeddable":true,"href":"https:\/\/www.radiopresidenteibanez.cl\/web\/wp-json\/wp\/v2\/comments?post=57486"}],"version-history":[{"count":0,"href":"https:\/\/www.radiopresidenteibanez.cl\/web\/wp-json\/wp\/v2\/posts\/57486\/revisions"}],"wp:featuredmedia":[{"embeddable":true,"href":"https:\/\/www.radiopresidenteibanez.cl\/web\/wp-json\/wp\/v2\/media\/57487"}],"wp:attachment":[{"href":"https:\/\/www.radiopresidenteibanez.cl\/web\/wp-json\/wp\/v2\/media?parent=57486"}],"wp:term":[{"taxonomy":"category","embeddable":true,"href":"https:\/\/www.radiopresidenteibanez.cl\/web\/wp-json\/wp\/v2\/categories?post=57486"},{"taxonomy":"post_tag","embeddable":true,"href":"https:\/\/www.radiopresidenteibanez.cl\/web\/wp-json\/wp\/v2\/tags?post=57486"}],"curies":[{"name":"wp","href":"https:\/\/api.w.org\/{rel}","templated":true}]}}