{"id":57483,"date":"2025-07-08T16:49:00","date_gmt":"2025-07-08T19:49:00","guid":{"rendered":"https:\/\/www.radiopresidenteibanez.cl\/web\/?p=57483"},"modified":"2025-07-08T11:46:58","modified_gmt":"2025-07-08T14:46:58","slug":"karatekas-chilenos-vivieron-historica-experiencia-internacional-en-brasil","status":"publish","type":"post","link":"https:\/\/www.radiopresidenteibanez.cl\/web\/karatekas-chilenos-vivieron-historica-experiencia-internacional-en-brasil\/","title":{"rendered":"Karatekas chilenos vivieron hist\u00f3rica experiencia internacional en Brasil"},"content":{"rendered":"\n<p>Con gran orgullo y satisfacci\u00f3n, compartimos que dos destacados representantes de nuestro Dojo, Senpai Felipe Barr\u00eda (Primer Dan) y Rafael S\u00e1nchez (Cintur\u00f3n Caf\u00e9, Tercer Kyu), fueron convocados y participaron en una inolvidable experiencia internacional de aprendizaje y perfeccionamiento en la ciudad de Salvador de Bah\u00eda, Brasil.<br>Por primera vez en la historia de nuestro Dojo, nuestros karatekas vivieron una semana completa de intensos entrenamientos, con triples jornadas diarias, junto a reconocidos exponentes del karate a nivel internacional, incluidos seleccionados brasileros y finalistas del \u00faltimo mundial de Karate JKA realizado en Jap\u00f3n. Esta vivencia marc\u00f3 un hito personal para Felipe y Rafael, y sin duda represent\u00f3 un antes y un despu\u00e9s para toda nuestra comunidad, al fortalecer t\u00e9cnica y competitivamente a nuestro grupo.<br>Esta oportunidad naci\u00f3 de la visi\u00f3n del Sensei Oscar Arancibia (Quinto Dan), seleccionado nacional y finalista en m\u00faltiples campeonatos nacionales y mundiales. Su compromiso con la formaci\u00f3n de nuevas generaciones se reflej\u00f3 en esta convocatoria, que valor\u00f3 no solo el rendimiento t\u00e9cnico, sino tambi\u00e9n la actitud, disciplina y el respeto por las ra\u00edces del karate tradicional JKA.<br>La selecci\u00f3n de estos dos karatekas se bas\u00f3 en la percepci\u00f3n directa del Sensei Arancibia, quien, a trav\u00e9s de los distintos seminarios realizados a lo largo del pa\u00eds, supo identificar a j\u00f3venes con una mirada profunda y comprometida hacia el karate. Felipe y Rafael demostraron ser el reflejo de una generaci\u00f3n que honra la tradici\u00f3n, mientras allana el camino para quienes vienen detr\u00e1s.<br>Todo nuestro Dojo celebr\u00f3 con entusiasmo este importante logro, que reafirm\u00f3 el camino que hemos recorrido con esfuerzo, constancia y pasi\u00f3n. Seguimos avanzando con pasos firmes hacia un futuro prometedor, guiados por valores s\u00f3lidos y una comunidad que cree en el poder transformador del karate.<br>\u00a1Felicitaciones a nuestros karatekas por representar con tanto honor y compromiso a nuestro Dojo Samurai Senshi No Te<\/p>\n","protected":false},"excerpt":{"rendered":"<p>Con gran orgullo y satisfacci\u00f3n, compartimos que dos destacados representantes de nuestro Dojo, Senpai Felipe Barr\u00eda (Primer Dan) y Rafael S\u00e1nchez (Cintur\u00f3n Caf\u00e9, Tercer Kyu), fueron convocados y participaron en&#8230; <a class=\"read-more\" href=\"https:\/\/www.radiopresidenteibanez.cl\/web\/karatekas-chilenos-vivieron-historica-experiencia-internacional-en-brasil\/\">Leer m\u00e1s<\/a><\/p>\n","protected":false},"author":2,"featured_media":57484,"comment_status":"closed","ping_status":"closed","sticky":false,"template":"","format":"standard","meta":{"footnotes":""},"categories":[1],"tags":[],"class_list":["post-57483","post","type-post","status-publish","format-standard","has-post-thumbnail","hentry","category-cronica"],"_links":{"self":[{"href":"https:\/\/www.radiopresidenteibanez.cl\/web\/wp-json\/wp\/v2\/posts\/57483","targetHints":{"allow":["GET"]}}],"collection":[{"href":"https:\/\/www.radiopresidenteibanez.cl\/web\/wp-json\/wp\/v2\/posts"}],"about":[{"href":"https:\/\/www.radiopresidenteibanez.cl\/web\/wp-json\/wp\/v2\/types\/post"}],"author":[{"embeddable":true,"href":"https:\/\/www.radiopresidenteibanez.cl\/web\/wp-json\/wp\/v2\/users\/2"}],"replies":[{"embeddable":true,"href":"https:\/\/www.radiopresidenteibanez.cl\/web\/wp-json\/wp\/v2\/comments?post=57483"}],"version-history":[{"count":0,"href":"https:\/\/www.radiopresidenteibanez.cl\/web\/wp-json\/wp\/v2\/posts\/57483\/revisions"}],"wp:featuredmedia":[{"embeddable":true,"href":"https:\/\/www.radiopresidenteibanez.cl\/web\/wp-json\/wp\/v2\/media\/57484"}],"wp:attachment":[{"href":"https:\/\/www.radiopresidenteibanez.cl\/web\/wp-json\/wp\/v2\/media?parent=57483"}],"wp:term":[{"taxonomy":"category","embeddable":true,"href":"https:\/\/www.radiopresidenteibanez.cl\/web\/wp-json\/wp\/v2\/categories?post=57483"},{"taxonomy":"post_tag","embeddable":true,"href":"https:\/\/www.radiopresidenteibanez.cl\/web\/wp-json\/wp\/v2\/tags?post=57483"}],"curies":[{"name":"wp","href":"https:\/\/api.w.org\/{rel}","templated":true}]}}