{"id":57480,"date":"2025-07-08T15:23:00","date_gmt":"2025-07-08T18:23:00","guid":{"rendered":"https:\/\/www.radiopresidenteibanez.cl\/web\/?p=57480"},"modified":"2025-07-08T11:26:17","modified_gmt":"2025-07-08T14:26:17","slug":"nace-corporacion-sitio-de-memoria-colon-636","status":"publish","type":"post","link":"https:\/\/www.radiopresidenteibanez.cl\/web\/nace-corporacion-sitio-de-memoria-colon-636\/","title":{"rendered":"Nace Corporaci\u00f3n Sitio de Memoria Col\u00f3n 636"},"content":{"rendered":"\n<p>Con el objetivo de rescatar, preservar y proyectar la memoria hist\u00f3rica de las violaciones a<br>los derechos humanos ocurridas en la regi\u00f3n de Magallanes durante la dictadura<br>civil-militar, se constituy\u00f3 en Punta Arenas, formalmente la Corporaci\u00f3n Sitio de Memoria Col\u00f3n 636.<\/p>\n\n\n\n<p>La nueva organizaci\u00f3n toma su nombre del inmueble ubicado en calle Col\u00f3n N\u00ba 636 de Punta Arenas, conocido por haber sido un centro de detenci\u00f3n pol\u00edtica y tortura tras el Golpe de Estado de 1973.<\/p>\n\n\n\n<p>La creaci\u00f3n de la Corporaci\u00f3n se oficializ\u00f3 en la primera asamblea general realizada el 3 de Julio reci\u00e9n pasado, donde se eligi\u00f3 a su directiva: Magda Ruiz M\u00e9ndez, presidenta, Soledad<br>Ruiz Ovando, secretar\u00eda y Sergio Reyes Soto, tesorero.<\/p>\n\n\n\n<p>La iniciativa busca poner en valor la memoria de este sitio emblem\u00e1tico, sensibilizar a la<br>ciudadania y sobre todo a las nuevas generaciones y promover el respeto irrestricto a los<br>derechos humanos, con la convicci\u00f3n de que las atrocidades cometidas en la casa de Col\u00f3n<br>636 y otros centros de detenci\u00f3n y tortura nunca m\u00e1s se vuelvan a repetir.<\/p>\n\n\n\n<p>Magda Ruiz Mendez, presidenta de la Corporaci\u00f3n Sitio de Memoria Col\u00f3n 636, se\u00f1al\u00f3 que \u201cqueremos que la comunidad magall\u00e1nica y el pa\u00eds reconozcan la historia dolorosa de este lugar, no para quedarnos en el pasado, sino para aprender de \u00e9l y garantizar que nunca m\u00e1s en Chile exista espacio para el odio, la represi\u00f3n ni la tortura. La memoria es una<br>herramienta fundamental para la democracia y la dignidad humana\u201d.<\/p>\n\n\n\n<p>En tanto, Sergio Reyes Soto, ex preso pol\u00edtico y miembro de la directiva de la Corporaci\u00f3n expres\u00f3: \u201cinvitamos a todas las personas que est\u00e9n de acuerdo con la misi\u00f3n, la visi\u00f3n y los objetivos de la Corporaci\u00f3n a incorporarse como socias y socios de esta organizaci\u00f3n y as\u00ed contribuir a llevar a cabo el prop\u00f3sito que perseguimos. Invitamos especialmente a la juventud, ya que los sobrevivientes de aquellos tr\u00e1gicos acontecimientos en ese sitio de tortura, ya estamos desapareciendo.\u201d<\/p>\n\n\n\n<p>La Corporaci\u00f3n Sitio de Memoria Col\u00f3n 636 impulsar\u00e1 actividades de investigaci\u00f3n,<br>rescate documental, se\u00f1alizaci\u00f3n del sitio y acciones de difusi\u00f3n educativa y cultural.<\/p>\n\n\n\n<p>Cabe destacar que esta organizaci\u00f3n es parte de la Red Nacional de Sitios de Memoria, lo que permite articular un trabajo en conjunto con todas las entidades de esta naturaleza a lo largo de todo Chile. Esta gran Red, en este momento se encuentra abocada a impulsar que se discuta y se apruebe en el Parlamento, la ley Nacional de Sitios de Memoria, que ha sido largamente pospuesta por los gobiernos de turno, y que permitir\u00e1 fortalecer la conciencia colectiva sobre la importancia de la verdad, la justicia y las garant\u00edas de no repetici\u00f3n.<\/p>\n","protected":false},"excerpt":{"rendered":"<p>Con el objetivo de rescatar, preservar y proyectar la memoria hist\u00f3rica de las violaciones alos derechos humanos ocurridas en la regi\u00f3n de Magallanes durante la dictaduracivil-militar, se constituy\u00f3 en Punta&#8230; <a class=\"read-more\" href=\"https:\/\/www.radiopresidenteibanez.cl\/web\/nace-corporacion-sitio-de-memoria-colon-636\/\">Leer m\u00e1s<\/a><\/p>\n","protected":false},"author":2,"featured_media":57481,"comment_status":"closed","ping_status":"closed","sticky":false,"template":"","format":"standard","meta":{"footnotes":""},"categories":[1],"tags":[],"class_list":["post-57480","post","type-post","status-publish","format-standard","has-post-thumbnail","hentry","category-cronica"],"_links":{"self":[{"href":"https:\/\/www.radiopresidenteibanez.cl\/web\/wp-json\/wp\/v2\/posts\/57480","targetHints":{"allow":["GET"]}}],"collection":[{"href":"https:\/\/www.radiopresidenteibanez.cl\/web\/wp-json\/wp\/v2\/posts"}],"about":[{"href":"https:\/\/www.radiopresidenteibanez.cl\/web\/wp-json\/wp\/v2\/types\/post"}],"author":[{"embeddable":true,"href":"https:\/\/www.radiopresidenteibanez.cl\/web\/wp-json\/wp\/v2\/users\/2"}],"replies":[{"embeddable":true,"href":"https:\/\/www.radiopresidenteibanez.cl\/web\/wp-json\/wp\/v2\/comments?post=57480"}],"version-history":[{"count":0,"href":"https:\/\/www.radiopresidenteibanez.cl\/web\/wp-json\/wp\/v2\/posts\/57480\/revisions"}],"wp:featuredmedia":[{"embeddable":true,"href":"https:\/\/www.radiopresidenteibanez.cl\/web\/wp-json\/wp\/v2\/media\/57481"}],"wp:attachment":[{"href":"https:\/\/www.radiopresidenteibanez.cl\/web\/wp-json\/wp\/v2\/media?parent=57480"}],"wp:term":[{"taxonomy":"category","embeddable":true,"href":"https:\/\/www.radiopresidenteibanez.cl\/web\/wp-json\/wp\/v2\/categories?post=57480"},{"taxonomy":"post_tag","embeddable":true,"href":"https:\/\/www.radiopresidenteibanez.cl\/web\/wp-json\/wp\/v2\/tags?post=57480"}],"curies":[{"name":"wp","href":"https:\/\/api.w.org\/{rel}","templated":true}]}}