{"id":57477,"date":"2025-07-08T13:39:00","date_gmt":"2025-07-08T16:39:00","guid":{"rendered":"https:\/\/www.radiopresidenteibanez.cl\/web\/?p=57477"},"modified":"2025-07-08T09:55:22","modified_gmt":"2025-07-08T12:55:22","slug":"programa-formar-para-incidir-ministerio-de-la-mujer-fortalece-el-liderazgo-de-las-mujeres-de-la-region-de-magallanes","status":"publish","type":"post","link":"https:\/\/www.radiopresidenteibanez.cl\/web\/programa-formar-para-incidir-ministerio-de-la-mujer-fortalece-el-liderazgo-de-las-mujeres-de-la-region-de-magallanes\/","title":{"rendered":"Programa Formar para incidir: Ministerio de la Mujer fortalece el liderazgo de las mujeres de la regi\u00f3n de Magallanes"},"content":{"rendered":"\n<p>Con la participaci\u00f3n de m\u00e1s de 30 mujeres provenientes de distintas comunas de la regi\u00f3n de<br>Magallanes, se desarroll\u00f3 este s\u00e1bado el primer encuentro regional del programa Formar para<br>Incidir, iniciativa del Ministerio de la Mujer y la Equidad de G\u00e9nero que cuenta con el apoyo de la<br>Agencia Espa\u00f1ola de Cooperaci\u00f3n Internacional para el Desarrollo (AECID).<br>Este programa tiene como objetivo fortalecer el liderazgo de las mujeres para incidir activamente<br>en el dise\u00f1o e implementaci\u00f3n de pol\u00edticas p\u00fablicas, especialmente aquellas orientadas a la<br>promoci\u00f3n de la igualdad y erradicaci\u00f3n de la violencia de g\u00e9nero.<br>La SEREMI de la Mujer y la Equidad de G\u00e9nero de la regi\u00f3n de Magallanes, Alejandra Ruiz Ovando<br>destac\u00f3 que la regi\u00f3n haya sido escogida como la primera en iniciar las actividades que se<br>replicar\u00e1n en 8 regiones del pa\u00eds: \u201cTodas las legislaciones que hemos levantado han sido con<br>participaci\u00f3n de la sociedad civil y ad portas de un 25 de noviembre y en el marco de nuestra<br>nueva legislaci\u00f3n &#8211; la Ley Integral de Violencias-, hay un \u00e1pice muy importante que es el Plan para<br>la Eliminaci\u00f3n de la Violencia contra las Mujeres, en donde la participaci\u00f3n de las distintas<br>lideresas de todo el territorio es fundamental\u201d.<br>As\u00ed tambi\u00e9n lo se\u00f1al\u00f3 el Delegado Presidencial Regional Jos\u00e9 Ruiz Pivcevic: \u201ccomo gobierno<br>estamos comprometidos en avanzar hacia la erradicaci\u00f3n de la violencia de g\u00e9nero, y en eso se<br>han marcado nuestras pol\u00edticas. Programas como Formar para Incidir donde, adem\u00e1s de ser un<br>espacio de capacitaci\u00f3n, es una instancia de discusi\u00f3n y reflexi\u00f3n, permiten que sean ellas, con el<br>propio conocimiento y reflexi\u00f3n que se dan en estos espacios quienes descentralicen estas<br>pol\u00edticas p\u00fablicas, y que nos permitan avanzar hacia una sociedad libre de violencias\u201d.<br>Entre los contenidos que se abordaron en la instancia destacan instrumentos como el Plan<br>Nacional por el Derecho a Vidas Libres de Violencia, la Ley Integral 21.675 para prevenir, sancionar<br>y erradicar la violencia de g\u00e9nero y el Cuarto Plan de Igualdad de G\u00e9nero, pilares fundamentales<br>para avanzar en la promoci\u00f3n y protecci\u00f3n de los derechos humanos de las mujeres, ni\u00f1as y<br>diversidades.<br>Adem\u00e1s, y como parte de esta formaci\u00f3n, las participantes \u2013quienes postularon a este programa y<br>que totalizan 50- acceder\u00e1n a un curso online de 20 horas, que se desarrollar\u00e1 entre agosto y<\/p>\n\n\n\n<p>noviembre de 2025; entregando nuevas herramientas para que puedan fortalecer su incidencia en<br>el \u00e1mbito p\u00fablico.<br>La jornada cont\u00f3 con la participaci\u00f3n de reconocidas lideresas y dirigentes sociales de las cuatro<br>provincias, entre ellas, la presidenta de las Damas de Celeste, In\u00e9s Vidal Andrade quien agradeci\u00f3<br>la jornada: \u201cesperamos que lo que aprendimos ahora y lo que vamos a aprender en el transcurso<br>del curso nos sirva para nuestro trabajo social, para poder ir ayudando a otras personas\u201d. As\u00ed<br>tambi\u00e9n lo se\u00f1al\u00f3 Adolfina Mikio Espinosa, de Matriarcas Australes, quien recalc\u00f3 la oportunidad<br>de que personas mayores sigan capacit\u00e1ndose \u201cporque seguimos vigentes\u201d. En tanto Jeanette<br>Colillanca Gonz\u00e1lez, presidenta de la Junta de Vecinos Villa Split, declar\u00f3 lo importante de<br>interpelar tambi\u00e9n al g\u00e9nero masculino \u201cque tambi\u00e9n est\u00e1 dentro de nuestra sociedad, para ser<br>igualitarios en el trato\u201d.<br>La iniciativa espera cerrar con un gran encuentro nacional, instancia clave para consolidar la Red<br>de Mujeres por una Vida Libre de Violencias de G\u00e9nero, articulando liderazgos y fortaleciendo la<br>acci\u00f3n colectiva a nivel pa\u00eds.<\/p>\n","protected":false},"excerpt":{"rendered":"<p>Con la participaci\u00f3n de m\u00e1s de 30 mujeres provenientes de distintas comunas de la regi\u00f3n deMagallanes, se desarroll\u00f3 este s\u00e1bado el primer encuentro regional del programa Formar paraIncidir, iniciativa del&#8230; <a class=\"read-more\" href=\"https:\/\/www.radiopresidenteibanez.cl\/web\/programa-formar-para-incidir-ministerio-de-la-mujer-fortalece-el-liderazgo-de-las-mujeres-de-la-region-de-magallanes\/\">Leer m\u00e1s<\/a><\/p>\n","protected":false},"author":2,"featured_media":57478,"comment_status":"closed","ping_status":"closed","sticky":false,"template":"","format":"standard","meta":{"footnotes":""},"categories":[1],"tags":[],"class_list":["post-57477","post","type-post","status-publish","format-standard","has-post-thumbnail","hentry","category-cronica"],"_links":{"self":[{"href":"https:\/\/www.radiopresidenteibanez.cl\/web\/wp-json\/wp\/v2\/posts\/57477","targetHints":{"allow":["GET"]}}],"collection":[{"href":"https:\/\/www.radiopresidenteibanez.cl\/web\/wp-json\/wp\/v2\/posts"}],"about":[{"href":"https:\/\/www.radiopresidenteibanez.cl\/web\/wp-json\/wp\/v2\/types\/post"}],"author":[{"embeddable":true,"href":"https:\/\/www.radiopresidenteibanez.cl\/web\/wp-json\/wp\/v2\/users\/2"}],"replies":[{"embeddable":true,"href":"https:\/\/www.radiopresidenteibanez.cl\/web\/wp-json\/wp\/v2\/comments?post=57477"}],"version-history":[{"count":0,"href":"https:\/\/www.radiopresidenteibanez.cl\/web\/wp-json\/wp\/v2\/posts\/57477\/revisions"}],"wp:featuredmedia":[{"embeddable":true,"href":"https:\/\/www.radiopresidenteibanez.cl\/web\/wp-json\/wp\/v2\/media\/57478"}],"wp:attachment":[{"href":"https:\/\/www.radiopresidenteibanez.cl\/web\/wp-json\/wp\/v2\/media?parent=57477"}],"wp:term":[{"taxonomy":"category","embeddable":true,"href":"https:\/\/www.radiopresidenteibanez.cl\/web\/wp-json\/wp\/v2\/categories?post=57477"},{"taxonomy":"post_tag","embeddable":true,"href":"https:\/\/www.radiopresidenteibanez.cl\/web\/wp-json\/wp\/v2\/tags?post=57477"}],"curies":[{"name":"wp","href":"https:\/\/api.w.org\/{rel}","templated":true}]}}