{"id":57468,"date":"2025-07-08T09:34:00","date_gmt":"2025-07-08T12:34:00","guid":{"rendered":"https:\/\/www.radiopresidenteibanez.cl\/web\/?p=57468"},"modified":"2025-07-08T08:58:31","modified_gmt":"2025-07-08T11:58:31","slug":"core-aprueba-financiamiento-para-implementar-moderna-braquiterapia-oncologica-en-el-hospital-clinico-de-magallanes","status":"publish","type":"post","link":"https:\/\/www.radiopresidenteibanez.cl\/web\/core-aprueba-financiamiento-para-implementar-moderna-braquiterapia-oncologica-en-el-hospital-clinico-de-magallanes\/","title":{"rendered":"Core aprueba financiamiento para implementar moderna braquiterapia oncol\u00f3gica en el Hospital Cl\u00ednico de Magallanes"},"content":{"rendered":"\n<p>Este lunes, el Pleno del Consejo Regional de Magallanes y de la Ant\u00e1rtica Chilena aprob\u00f3 por unanimidad los recursos para la habilitaci\u00f3n e implementaci\u00f3n de un sistema de braquiterapia de alta tasa de dosis en el Hospital Cl\u00ednico de Magallanes, una inversi\u00f3n que superar\u00e1 los mil 870 millones de pesos, financiados con cargo al Fondo Nacional de Desarrollo Regional (FNDR).<\/p>\n\n\n\n<p>El proyecto, que fue recomendado favorablemente por el Ministerio de Desarrollo Social y Familia tras su an\u00e1lisis t\u00e9cnico-econ\u00f3mico, permitir\u00e1 dar respuesta a una creciente demanda por tratamientos oncol\u00f3gicos avanzados en la regi\u00f3n, evitando la derivaci\u00f3n de pacientes a otras zonas del pa\u00eds. La iniciativa contempla la adquisici\u00f3n de un equipo especializado, obras civiles complementarias y su instalaci\u00f3n en la unidad de radioterapia del principal recinto hospitalario de la regi\u00f3n.<\/p>\n\n\n\n<p>Durante la sesi\u00f3n plenaria, el consejero regional y representante de Tierra del Fuego, Rodolfo C\u00e1rdenas, destac\u00f3 la importancia de esta aprobaci\u00f3n, se\u00f1alando que \u201ca mayor resolutividad que tengamos en Magallanes, va a ser mucho mejor para los pacientes de la regi\u00f3n\u201d. Agreg\u00f3 que, con esta inversi\u00f3n, el Hospital Cl\u00ednico podr\u00e1 retomar una t\u00e9cnica que hab\u00eda sido descontinuada por su baja efectividad en versiones anteriores, incorporando ahora tecnolog\u00eda m\u00e1s eficiente y segura para las y los pacientes.<\/p>\n\n\n\n<p>\u201cEspero, por el beneficio de la comunidad y de todas aquellas personas que padecen o han sido diagnosticadas con c\u00e1ncer, que se puedan seguir tratando en Magallanes y de esta forma contribuir a la salud integral de las personas aqu\u00ed en nuestra regi\u00f3n\u201d, puntualiz\u00f3 C\u00e1rdenas.<\/p>\n\n\n\n<p>La nueva tecnolog\u00eda permitir\u00e1 cubrir una brecha significativa en atenci\u00f3n oncol\u00f3gica: actualmente se estiman 327 procedimientos anuales, con una proyecci\u00f3n de hasta 425 intervenciones al a\u00f1o en un horizonte de 15 a\u00f1os. La alternativa de habilitaci\u00f3n local fue evaluada como la opci\u00f3n m\u00e1s eficiente y sostenible frente a la contrataci\u00f3n de estos servicios en centros privados fuera del sistema<\/p>\n","protected":false},"excerpt":{"rendered":"<p>Este lunes, el Pleno del Consejo Regional de Magallanes y de la Ant\u00e1rtica Chilena aprob\u00f3 por unanimidad los recursos para la habilitaci\u00f3n e implementaci\u00f3n de un sistema de braquiterapia de&#8230; <a class=\"read-more\" href=\"https:\/\/www.radiopresidenteibanez.cl\/web\/core-aprueba-financiamiento-para-implementar-moderna-braquiterapia-oncologica-en-el-hospital-clinico-de-magallanes\/\">Leer m\u00e1s<\/a><\/p>\n","protected":false},"author":2,"featured_media":57469,"comment_status":"closed","ping_status":"closed","sticky":false,"template":"","format":"standard","meta":{"footnotes":""},"categories":[1],"tags":[],"class_list":["post-57468","post","type-post","status-publish","format-standard","has-post-thumbnail","hentry","category-cronica"],"_links":{"self":[{"href":"https:\/\/www.radiopresidenteibanez.cl\/web\/wp-json\/wp\/v2\/posts\/57468","targetHints":{"allow":["GET"]}}],"collection":[{"href":"https:\/\/www.radiopresidenteibanez.cl\/web\/wp-json\/wp\/v2\/posts"}],"about":[{"href":"https:\/\/www.radiopresidenteibanez.cl\/web\/wp-json\/wp\/v2\/types\/post"}],"author":[{"embeddable":true,"href":"https:\/\/www.radiopresidenteibanez.cl\/web\/wp-json\/wp\/v2\/users\/2"}],"replies":[{"embeddable":true,"href":"https:\/\/www.radiopresidenteibanez.cl\/web\/wp-json\/wp\/v2\/comments?post=57468"}],"version-history":[{"count":0,"href":"https:\/\/www.radiopresidenteibanez.cl\/web\/wp-json\/wp\/v2\/posts\/57468\/revisions"}],"wp:featuredmedia":[{"embeddable":true,"href":"https:\/\/www.radiopresidenteibanez.cl\/web\/wp-json\/wp\/v2\/media\/57469"}],"wp:attachment":[{"href":"https:\/\/www.radiopresidenteibanez.cl\/web\/wp-json\/wp\/v2\/media?parent=57468"}],"wp:term":[{"taxonomy":"category","embeddable":true,"href":"https:\/\/www.radiopresidenteibanez.cl\/web\/wp-json\/wp\/v2\/categories?post=57468"},{"taxonomy":"post_tag","embeddable":true,"href":"https:\/\/www.radiopresidenteibanez.cl\/web\/wp-json\/wp\/v2\/tags?post=57468"}],"curies":[{"name":"wp","href":"https:\/\/api.w.org\/{rel}","templated":true}]}}