{"id":57461,"date":"2025-07-07T16:57:00","date_gmt":"2025-07-07T19:57:00","guid":{"rendered":"https:\/\/www.radiopresidenteibanez.cl\/web\/?p=57461"},"modified":"2025-07-07T15:16:43","modified_gmt":"2025-07-07T18:16:43","slug":"amplia-convocatoria-en-seminario-sobre-justicia-restaurativa-organizado-por-el-servicio-de-reinsercion-social-juvenil-de-magallanes","status":"publish","type":"post","link":"https:\/\/www.radiopresidenteibanez.cl\/web\/amplia-convocatoria-en-seminario-sobre-justicia-restaurativa-organizado-por-el-servicio-de-reinsercion-social-juvenil-de-magallanes\/","title":{"rendered":"AMPLIA CONVOCATORIA EN SEMINARIO SOBRE \u201cJUSTICIA RESTAURATIVA\u201d ORGANIZADO POR EL SERVICIO DE REINSERCI\u00d3N SOCIAL JUVENIL DE MAGALLANES"},"content":{"rendered":"\n<p>Este nuevo enfoque, que forma parte del sistema judicial en muchos otros pa\u00edses desde hace<br>varios a\u00f1os fue el tema tratado en el Seminario \u201cDesaf\u00edos de la Justicia Restaurativa en<br>Magallanes\u201d, iniciativa que fue coordinada por la Defensor\u00eda Penal P\u00fablica, la Corporaci\u00f3n Opci\u00f3n<br>y el Servicio de Reinserci\u00f3n Social Juvenil de Magallanes.<br>Con cerca de 100 asistentes presenciales y m\u00e1s de 50 virtuales &#8211; conectados v\u00eda streaming en<br>Puerto Natales, Porvenir y Puerto Williams &#8211; el Seminario permiti\u00f3 reflexionar respecto a la Justicia<br>Restaurativa y su dimensi\u00f3n transformadora para sanar las relaciones da\u00f1adas por el delito,<br>proceso en el cual se involucra a todas las partes afectadas en un proceso de reparaci\u00f3n, cuyo<br>objetivo final es promover la paz y la reconciliaci\u00f3n, en donde la o el joven que ha cometido un<br>delito puede reparar el da\u00f1o causado a las v\u00edctimas y a la comunidad, en lugar de \u00fanicamente<br>castigarse al infractor.\u00a0<br>El evento cont\u00f3 con la presencia de los expertos Alejandro G\u00f3mez Raby, Mag\u00edster en Derecho<br>Penal, jefe de la Unidad de Defensa Penal Especializada del Departamento de Estudios y Proyectos<br>de la Defensor\u00eda Nacional quien se refiri\u00f3 al \u201cSistema Penal Juvenil y Justicia Restaurativa.<br>Compatibilidades y Desaf\u00edos\u201d. Y la experta Daniela Bol\u00edvar Fern\u00e1ndez, Doctora en Ciencias<br>Criminol\u00f3gicas, Mag\u00edster en Psicolog\u00eda Social-Comunitaria y coordinadora del Programa de Justicia<br>Restaurativa y Paz Social de la Pontificia Universidad Cat\u00f3lica de Chile, quien destac\u00f3 \u201cLas<br>Potencialidades y L\u00edmites de la Justicia Restaurativa\u201d.<br>Daniela Bol\u00edvar Fern\u00e1ndez, destac\u00f3 la oportunidad de venir a exponer a la regi\u00f3n de Magallanes.<br>\u201cEl hecho de que la regi\u00f3n de Magallanes est\u00e9 llevando a cabo este seminario me parece<br>fundamental, dado el avance que lleva la Justicia Juvenil en nuestro pa\u00eds, modelo que, para<br>adoptarlo en la regi\u00f3n de Magallanes, requiere de la inclusi\u00f3n de especificades propias de esta<br>regi\u00f3n y para eso, se debe reflexionar en instancias como estas, lo que debe seguir siendo a partir<br>de ahora, una tarea permanente\u201d.<br>Por su parte, la SEREMI de Justicia, Michelle Peutat valor\u00f3 la presencia e inter\u00e9s de profesionales<br>del sistema judicial de la regi\u00f3n, que se interesan en este nuevo enfoque. \u201cDentro del marco de la<br>justicia restaurativa que pone el foco en el encuentro de la v\u00edctima, con la colaboraci\u00f3n de un<br>mediador, se busca mediante mecanismos de reparaci\u00f3n, que busquen responsabilizarse quienes<br>cometen un delito sobre todo si son j\u00f3venes, permitiendo as\u00ed interrumpir carreras delictuales. Es<br>uno de los pilares de las modificaciones a la Ley Penal Adolescente y que puede ser tambi\u00e9n un<br>ejemplo en otros \u00e1mbitos m\u00e1s all\u00e1 de la justicia penal\u201d.<br>Finalmente, C\u00e9sar Montiel, director regional del Servicio de Reinserci\u00f3n Social Juvenil de<br>Magallanes, destac\u00f3 la asistencia al seminario y el inter\u00e9s de quienes trabajan en el sistema<br>judicial por adoptar este nuevo enfoque. \u201cY Justicia restaurativa, es el paragua de toda la reforma<br>de todo a lo que aspira este trabajo con adolescentes infractores de ley. La justicia restaurativa no<br>es un tema nuevo, hace muchos a\u00f1os que se est\u00e1 trabajando en otros pa\u00edses, es primera vez que<br>en nuestro pa\u00eds est\u00e1 instaurada en una normativa legal, lo que significa que es un gran paso para<br>todo lo que viene. Tenemos que cambiar la mirada de lo que significa el cambio de paradigma de<br>c\u00f3mo estamos mirando los procesos con adolescentes y cambiarnos hacia la justicia restaurativa.<br>Este es el primer paso y debemos seguir avanzando con profesionales de todo el circuito judicial,<br>primero convencernos de que este enfoque es efectivo para los procesos de rehabilitaci\u00f3n y que<br>tiene resultados emp\u00edricos conocidos y que han sido probados en otros pa\u00edses; y nosotros tenemos que caminar hacia all\u00e1, porque la justicia restaurativa lleg\u00f3 para quedarse, pero tambi\u00e9n debe haber un verdadero cambio cultural de c\u00f3mo vemos la comisi\u00f3n de delitos de un adolescente\u201d.<br>El seminario cont\u00f3 adem\u00e1s con la presencia de autoridades regionales y representantes del Poder<br>Judicial, Fiscal\u00eda, Defensor\u00eda, Gendarmer\u00eda de Chile, Seremi de Desarrollo Social y Familia, y<br>servicios del sector seguridad. En las palabras iniciales participaron la SEREMI de Justicia y<br>Derechos Humanos, Michelle Peutat y el ministro Suplente de la Ilustr\u00edsima Corte de Apelaciones<br>de Punta Arenas, Juan Santiago Villa.<br>Las reflexiones finales sobre la Justicia Restaurativa estuvieron a cargo de Osvaldo V\u00e1squez,<br>Coordinador de proyectos de la Corporaci\u00f3n Opci\u00f3n. Las palabras al cierre fueron entregadas por<br>la Defensora Regional de la Defensor\u00eda Penal P\u00fablica, Ver\u00f3nica Reyes Cea y del director regional<br>del Servicio de Reinserci\u00f3n Social Juvenil, C\u00e9sar Montiel Alvarado.<\/p>\n","protected":false},"excerpt":{"rendered":"<p>Este nuevo enfoque, que forma parte del sistema judicial en muchos otros pa\u00edses desde hacevarios a\u00f1os fue el tema tratado en el Seminario \u201cDesaf\u00edos de la Justicia Restaurativa enMagallanes\u201d, iniciativa&#8230; <a class=\"read-more\" href=\"https:\/\/www.radiopresidenteibanez.cl\/web\/amplia-convocatoria-en-seminario-sobre-justicia-restaurativa-organizado-por-el-servicio-de-reinsercion-social-juvenil-de-magallanes\/\">Leer m\u00e1s<\/a><\/p>\n","protected":false},"author":2,"featured_media":57462,"comment_status":"closed","ping_status":"closed","sticky":false,"template":"","format":"standard","meta":{"footnotes":""},"categories":[1],"tags":[],"class_list":["post-57461","post","type-post","status-publish","format-standard","has-post-thumbnail","hentry","category-cronica"],"_links":{"self":[{"href":"https:\/\/www.radiopresidenteibanez.cl\/web\/wp-json\/wp\/v2\/posts\/57461","targetHints":{"allow":["GET"]}}],"collection":[{"href":"https:\/\/www.radiopresidenteibanez.cl\/web\/wp-json\/wp\/v2\/posts"}],"about":[{"href":"https:\/\/www.radiopresidenteibanez.cl\/web\/wp-json\/wp\/v2\/types\/post"}],"author":[{"embeddable":true,"href":"https:\/\/www.radiopresidenteibanez.cl\/web\/wp-json\/wp\/v2\/users\/2"}],"replies":[{"embeddable":true,"href":"https:\/\/www.radiopresidenteibanez.cl\/web\/wp-json\/wp\/v2\/comments?post=57461"}],"version-history":[{"count":0,"href":"https:\/\/www.radiopresidenteibanez.cl\/web\/wp-json\/wp\/v2\/posts\/57461\/revisions"}],"wp:featuredmedia":[{"embeddable":true,"href":"https:\/\/www.radiopresidenteibanez.cl\/web\/wp-json\/wp\/v2\/media\/57462"}],"wp:attachment":[{"href":"https:\/\/www.radiopresidenteibanez.cl\/web\/wp-json\/wp\/v2\/media?parent=57461"}],"wp:term":[{"taxonomy":"category","embeddable":true,"href":"https:\/\/www.radiopresidenteibanez.cl\/web\/wp-json\/wp\/v2\/categories?post=57461"},{"taxonomy":"post_tag","embeddable":true,"href":"https:\/\/www.radiopresidenteibanez.cl\/web\/wp-json\/wp\/v2\/tags?post=57461"}],"curies":[{"name":"wp","href":"https:\/\/api.w.org\/{rel}","templated":true}]}}