{"id":57458,"date":"2025-07-07T15:24:00","date_gmt":"2025-07-07T18:24:00","guid":{"rendered":"https:\/\/www.radiopresidenteibanez.cl\/web\/?p=57458"},"modified":"2025-07-07T14:57:41","modified_gmt":"2025-07-07T17:57:41","slug":"senador-alejandro-kusanovic-destaco-inicio-del-pago-a-pensionados-del-4-de-la-ex-caja-de-empleados-particulares","status":"publish","type":"post","link":"https:\/\/www.radiopresidenteibanez.cl\/web\/senador-alejandro-kusanovic-destaco-inicio-del-pago-a-pensionados-del-4-de-la-ex-caja-de-empleados-particulares\/","title":{"rendered":"Senador Alejandro Kusanovic destaco inicio del pago a pensionados del 4% de la Ex Caja de Empleados Particulares\u00a0"},"content":{"rendered":"\n<p>Esta semana se dio inicio al pago del bono que busca reconocer a pensionados que cotizaron en la ex Caja de Previsi\u00f3n de Empleados Particulares (EMPART), bajo el antiguo sistema previsional que tuvo vigencia bajo la ley N\u00b012.855 de 1958, entre el 11 de febrero de 1958 y el 30 de noviembre de 1977, y que no fueron considerados en su pensi\u00f3n durante la transici\u00f3n al actual sistema de pensiones. Lo que motivo, a ra\u00edz de gestiones del senador Kusanovic y de la directiva del 4%, de buscar una soluci\u00f3n para saldar este compromiso que qued\u00f3 del Estado. Lo que se logr\u00f3 a trav\u00e9s de un bono compensatorio incorporado por Hacienda en la Ley Miscel\u00e1nea de Reajuste del Sector del a\u00f1o 2024.<\/p>\n\n\n\n<p>El senador Alejandro Kusanovic se manifest\u00f3 muy contento de llegar a un buen t\u00e9rmino, de lo que inicio con su gesti\u00f3n a trav\u00e9s del Senado, apoyada posteriormente por el presidente de la Republica y que se origin\u00f3 luego de haber asumido el cargo, \u00e9poca en que la directiva de los pensionados del 4% le solicitaron formalmente su apoyo para conseguir el pago de la cotizaci\u00f3n adicional, que estuvo vigente por de m\u00e1s de 19 a\u00f1os para los trabajadores de Magallanes.<\/p>\n\n\n\n<p>A ra\u00edz de esta solicitud, el parlamentario ingreso un Proyecto de Acuerdo en mayo de 2022, el cual fue apoyado mayoritariamente en el Senado, solicitando al Gobierno una soluci\u00f3n para la injusticia que pesaba sobre estos adultos mayores que se vieron privados de sus cotizaciones adicionales, luego del traspaso del sistema previsional. Hecho que origino una lucha por a\u00f1os, a trav\u00e9s de tribunales y por las distintas autoridades de Gobierno de la \u00e9poca, para que el Estado finalmente pudiera reconocer la deuda que ten\u00eda con ellos, sin embargo, no obtuvieron resultados positivos, hasta que intervino la gesti\u00f3n el senador.&nbsp;<\/p>\n\n\n\n<p>Kusanovic, se mostr\u00f3 contento con el inicio del pago a los adultos mayores del 4%, y agradecio, a trav\u00e9s de sus redes, la labor y esfuerzo de quienes lo hicieron posible, especialmente el trabajo de la directiva de 4% y de su presidenta, Mar\u00eda Teresa Vargas, se\u00f1alando que: \u201cfinalmente, se est\u00e1n viendo los resultados de esta noble causa que me solicitaron apoyar en 2022, y que logramos concretar a trav\u00e9s de un Proyecto de Acuerdo que presente en el Senado, respaldado por el Presidente y que hoy rinde sus frutos\u201d.<\/p>\n\n\n\n<p>Finalmente, en esta primera n\u00f3mina, se contempla el pago a 485 personas beneficiarias en la Regi\u00f3n de Magallanes. Asimismo, se inform\u00f3 que habr\u00e1 una segunda y tercera n\u00f3mina, que se emitir\u00e1n con una diferencia de un mes entre cada una, permitiendo ampliar progresivamente la cobertura del beneficio. Adem\u00e1s, aclararon autoridades de Gobierno que el bono no constituye una devoluci\u00f3n de imposiciones, sino un aporte compensatorio, es decir, una medida de reparaci\u00f3n por los a\u00f1os cotizados en el sistema antiguo.<\/p>\n","protected":false},"excerpt":{"rendered":"<p>Esta semana se dio inicio al pago del bono que busca reconocer a pensionados que cotizaron en la ex Caja de Previsi\u00f3n de Empleados Particulares (EMPART), bajo el antiguo sistema&#8230; <a class=\"read-more\" href=\"https:\/\/www.radiopresidenteibanez.cl\/web\/senador-alejandro-kusanovic-destaco-inicio-del-pago-a-pensionados-del-4-de-la-ex-caja-de-empleados-particulares\/\">Leer m\u00e1s<\/a><\/p>\n","protected":false},"author":2,"featured_media":57459,"comment_status":"closed","ping_status":"closed","sticky":false,"template":"","format":"standard","meta":{"footnotes":""},"categories":[1],"tags":[],"class_list":["post-57458","post","type-post","status-publish","format-standard","has-post-thumbnail","hentry","category-cronica"],"_links":{"self":[{"href":"https:\/\/www.radiopresidenteibanez.cl\/web\/wp-json\/wp\/v2\/posts\/57458","targetHints":{"allow":["GET"]}}],"collection":[{"href":"https:\/\/www.radiopresidenteibanez.cl\/web\/wp-json\/wp\/v2\/posts"}],"about":[{"href":"https:\/\/www.radiopresidenteibanez.cl\/web\/wp-json\/wp\/v2\/types\/post"}],"author":[{"embeddable":true,"href":"https:\/\/www.radiopresidenteibanez.cl\/web\/wp-json\/wp\/v2\/users\/2"}],"replies":[{"embeddable":true,"href":"https:\/\/www.radiopresidenteibanez.cl\/web\/wp-json\/wp\/v2\/comments?post=57458"}],"version-history":[{"count":0,"href":"https:\/\/www.radiopresidenteibanez.cl\/web\/wp-json\/wp\/v2\/posts\/57458\/revisions"}],"wp:featuredmedia":[{"embeddable":true,"href":"https:\/\/www.radiopresidenteibanez.cl\/web\/wp-json\/wp\/v2\/media\/57459"}],"wp:attachment":[{"href":"https:\/\/www.radiopresidenteibanez.cl\/web\/wp-json\/wp\/v2\/media?parent=57458"}],"wp:term":[{"taxonomy":"category","embeddable":true,"href":"https:\/\/www.radiopresidenteibanez.cl\/web\/wp-json\/wp\/v2\/categories?post=57458"},{"taxonomy":"post_tag","embeddable":true,"href":"https:\/\/www.radiopresidenteibanez.cl\/web\/wp-json\/wp\/v2\/tags?post=57458"}],"curies":[{"name":"wp","href":"https:\/\/api.w.org\/{rel}","templated":true}]}}