{"id":57455,"date":"2025-07-07T12:55:00","date_gmt":"2025-07-07T15:55:00","guid":{"rendered":"https:\/\/www.radiopresidenteibanez.cl\/web\/?p=57455"},"modified":"2025-07-07T12:00:36","modified_gmt":"2025-07-07T15:00:36","slug":"postulaciones-abiertas-para-taller-en-observacion-cientifica-en-pesquerias-antarticas","status":"publish","type":"post","link":"https:\/\/www.radiopresidenteibanez.cl\/web\/postulaciones-abiertas-para-taller-en-observacion-cientifica-en-pesquerias-antarticas\/","title":{"rendered":"Postulaciones abiertas para taller en observaci\u00f3n cient\u00edfica en pesquer\u00edas ant\u00e1rticas"},"content":{"rendered":"\n<p>El Instituto Ant\u00e1rtico Chileno (INACH) convoca a profesionales del \u00e1rea de la biolog\u00eda marina, ingenier\u00eda pesquera, t\u00e9cnicos y t\u00e9cnicas en acuicultura y otras disciplinas afines, a que postulen al cuarto taller de capacitaci\u00f3n del Sistema Internacional de Observaci\u00f3n Cient\u00edfica (SISO) para la Comisi\u00f3n para la Conservaci\u00f3n de Recursos Vivos Marinos Ant\u00e1rticos (CCRVMA), a realizarse entre el 4 y el 7 de agosto de 2025 en Punta Arenas.&nbsp;<\/p>\n\n\n\n<p>Este taller busca preparar a profesionales para desempe\u00f1arse como observadoras y observadores cient\u00edficos en pesquer\u00edas ant\u00e1rticas, una labor clave para obtener informaci\u00f3n sobre los recursos marinos vivos ant\u00e1rticos (kril, austromerluza, <em>icefish<\/em>) y especies afines con el fin de evaluar la eficacia de las medidas de conservaci\u00f3n bajo el alero del Sistema Internacional de Observaci\u00f3n Cient\u00edfica (SISO), creado por la CCRVMA.<\/p>\n\n\n\n<p>Este curso contempla actividades te\u00f3ricas y pr\u00e1cticas que se desarrollar\u00e1n en la Universidad de Magallanes (UMAG) y el INACH, e incluye contenidos como la historia y el funcionamiento de la CCRVMA, el rol de observaci\u00f3n cient\u00edfica y las medidas de conservaci\u00f3n asociadas; as\u00ed como la observaci\u00f3n de pesquer\u00edas de kril, bacalao y otras especies, y la interacci\u00f3n con aves y mam\u00edferos marinos. Adem\u00e1s, se entrenar\u00e1 en el uso de formularios y cuadernos de campo, junto con actividades pr\u00e1cticas de identificaci\u00f3n y muestreo.&nbsp;<\/p>\n\n\n\n<p>Las sesiones ser\u00e1n impartidas por especialistas del INACH como C\u00e9sar C\u00e1rdenas, Francisco Santa Cruz, Lorena Rebolledo, Lucas Kr\u00fcger, Marcelo Gonz\u00e1lez, Rodolfo Rond\u00f3n y Anelio Aguayo; adem\u00e1s de Mauricio Landaeta de la Universidad de Valpara\u00edso y representantes de instituciones como Directemar de la Armada de Chile, Servicio Nacional de Pesca (Sernapesca) y la empresa Pesca Chile.&nbsp;<\/p>\n\n\n\n<p>El taller tiene un cupo m\u00e1ximo de 25 participantes y para aprobar se exige la asistencia completa a las actividades programadas y una calificaci\u00f3n superior al 75 % en la evaluaci\u00f3n final. Las personas aprobadas ser\u00e1n incorporadas a la base de datos del INACH para eventuales convocatorias como observadoras y observadores cient\u00edficos en buques que operan en aguas reguladas por la CCRVMA.<\/p>\n\n\n\n<p>Para postular, las y los interesados deben inscribirse en el formulario electr\u00f3nico: <a href=\"https:\/\/forms.gle\/hJw1GDhoMw5KhDqj8\" target=\"_blank\" rel=\"noreferrer noopener\">https:\/\/forms.gle\/hJw1GDhoMw5KhDqj8<\/a>. y proporcionar toda la informaci\u00f3n solicitada, a partir de esta informaci\u00f3n se seleccionar\u00e1 a las y los participantes. El plazo para postular concluye el 21 de julio de 2025.&nbsp;<\/p>\n\n\n\n<p>El INACH es un organismo t\u00e9cnico del Ministerio de Relaciones Exteriores con plena autonom\u00eda en todo lo relacionado con asuntos ant\u00e1rticos de car\u00e1cter cient\u00edfico, tecnol\u00f3gico y de difusi\u00f3n. El INACH cumple con la Pol\u00edtica Ant\u00e1rtica Nacional incentivando el desarrollo de la investigaci\u00f3n de excelencia, participando efectivamente en el Sistema del Tratado Ant\u00e1rtico y foros relacionados, fortaleciendo a Magallanes como puerta de entrada al Continente Blanco y realizando acciones de divulgaci\u00f3n del conocimiento ant\u00e1rtico en la ciudadan\u00eda. El INACH organiza el Programa Nacional de Ciencia Ant\u00e1rtica (PROCIEN).<\/p>\n","protected":false},"excerpt":{"rendered":"<p>El Instituto Ant\u00e1rtico Chileno (INACH) convoca a profesionales del \u00e1rea de la biolog\u00eda marina, ingenier\u00eda pesquera, t\u00e9cnicos y t\u00e9cnicas en acuicultura y otras disciplinas afines, a que postulen al cuarto&#8230; <a class=\"read-more\" href=\"https:\/\/www.radiopresidenteibanez.cl\/web\/postulaciones-abiertas-para-taller-en-observacion-cientifica-en-pesquerias-antarticas\/\">Leer m\u00e1s<\/a><\/p>\n","protected":false},"author":2,"featured_media":57456,"comment_status":"closed","ping_status":"closed","sticky":false,"template":"","format":"standard","meta":{"footnotes":""},"categories":[1],"tags":[],"class_list":["post-57455","post","type-post","status-publish","format-standard","has-post-thumbnail","hentry","category-cronica"],"_links":{"self":[{"href":"https:\/\/www.radiopresidenteibanez.cl\/web\/wp-json\/wp\/v2\/posts\/57455","targetHints":{"allow":["GET"]}}],"collection":[{"href":"https:\/\/www.radiopresidenteibanez.cl\/web\/wp-json\/wp\/v2\/posts"}],"about":[{"href":"https:\/\/www.radiopresidenteibanez.cl\/web\/wp-json\/wp\/v2\/types\/post"}],"author":[{"embeddable":true,"href":"https:\/\/www.radiopresidenteibanez.cl\/web\/wp-json\/wp\/v2\/users\/2"}],"replies":[{"embeddable":true,"href":"https:\/\/www.radiopresidenteibanez.cl\/web\/wp-json\/wp\/v2\/comments?post=57455"}],"version-history":[{"count":0,"href":"https:\/\/www.radiopresidenteibanez.cl\/web\/wp-json\/wp\/v2\/posts\/57455\/revisions"}],"wp:featuredmedia":[{"embeddable":true,"href":"https:\/\/www.radiopresidenteibanez.cl\/web\/wp-json\/wp\/v2\/media\/57456"}],"wp:attachment":[{"href":"https:\/\/www.radiopresidenteibanez.cl\/web\/wp-json\/wp\/v2\/media?parent=57455"}],"wp:term":[{"taxonomy":"category","embeddable":true,"href":"https:\/\/www.radiopresidenteibanez.cl\/web\/wp-json\/wp\/v2\/categories?post=57455"},{"taxonomy":"post_tag","embeddable":true,"href":"https:\/\/www.radiopresidenteibanez.cl\/web\/wp-json\/wp\/v2\/tags?post=57455"}],"curies":[{"name":"wp","href":"https:\/\/api.w.org\/{rel}","templated":true}]}}