{"id":57448,"date":"2025-07-07T10:39:00","date_gmt":"2025-07-07T13:39:00","guid":{"rendered":"https:\/\/www.radiopresidenteibanez.cl\/web\/?p=57448"},"modified":"2025-07-07T09:10:01","modified_gmt":"2025-07-07T12:10:01","slug":"familias-de-punta-arenas-conocieron-las-viviendas-piloto-del-proyecto-los-flamencos","status":"publish","type":"post","link":"https:\/\/www.radiopresidenteibanez.cl\/web\/familias-de-punta-arenas-conocieron-las-viviendas-piloto-del-proyecto-los-flamencos\/","title":{"rendered":"Familias de Punta Arenas conocieron las viviendas piloto del proyecto \u201cLos Flamencos\u201d"},"content":{"rendered":"\n<p>136 familias de Punta Arenas visitaron hoy las viviendas piloto del conjunto habitacional \u201cLos Flamencos\u201d, ubicado en la prolongaci\u00f3n de avenida Los Flamencos con la proyectada avenida Circunvalaci\u00f3n.<\/p>\n\n\n\n<p>La actividad se enmarca en el Plan de Acompa\u00f1amiento Social que el Ministerio de Vivienda y Urbanismo (Minvu) implementa en todos los proyectos del programa DS49, con el objetivo de fortalecer la participaci\u00f3n activa de las familias durante el proceso habitacional.<\/p>\n\n\n\n<p>\u201cEsta actividad busca que las familias puedan recorrer en detalle la vivienda, en este caso dos departamentos, y resolver dudas t\u00e9cnicas junto al equipo social y t\u00e9cnico de la entidad patrocinante. Toman medidas y se proyectan en su futuro hogar\u201d, coment\u00f3 el director (s) del SERVIU,&nbsp;<strong>Omar Gonz\u00e1lez Asenjo<\/strong>.<\/p>\n\n\n\n<p>\u00abLos departamentos son estupendos. Vienen con calefacci\u00f3n central y dimensiones acordes a los est\u00e1ndares actuales. Como agrupaci\u00f3n, estamos muy conformes y con mucha esperanza. Sabemos que muchas familias est\u00e1n esperando este momento: tener por fin las llaves de su casa propia\u201d, cont\u00f3 Jorge Silva Andrade, presidente de la agrupaci\u00f3n \u201cLos Flamencos 1\u201d.<\/p>\n\n\n\n<p>El proyecto tiene un 72% de avance f\u00edsico y contempla 136 departamentos de 60m\u00b2, distribuidos en tres dormitorios, estar-comedor, cocina, ba\u00f1o y logia; todos con calefacci\u00f3n central y ventanas termopanel.<\/p>\n\n\n\n<p>\u00abLos Flamencos es una obra clave del Plan de Emergencia Habitacional. Gracias a \u00e9l, hemos podido destrabar proyectos y acelerar la ejecuci\u00f3n de nuevas obras. Este proyecto comenz\u00f3 en octubre del a\u00f1o pasado y tiene un 72% de avance. Si las condiciones clim\u00e1ticas lo permiten, podr\u00edamos incluso adelantar su entrega antes de marzo, que es el plazo contractual. Nuestro objetivo siempre ser\u00e1 que las familias puedan recibir sus viviendas lo antes posible\u201d, detall\u00f3 el director (s) del SERVIU.<\/p>\n\n\n\n<p>El condominio considera \u00e1reas verdes, juegos infantiles, m\u00e1quinas de ejercicio y una sala de uso m\u00faltiple de 85m\u00b2. La inversi\u00f3n supera bordea los 10 mil millones de pesos y es financiada con recursos Minvu del programa DS49 y el ahorro de las familias beneficiarias.<\/p>\n\n\n\n<p>\u00abNunca pens\u00e9 que iba a ser tan r\u00e1pido. En el momento que me inscrib\u00ed y hasta que empec\u00e9 a ver los adelantos, yo dije esto para febrero o marzo ya va a estar listo; lo encontr\u00e9 s\u00faper r\u00e1pido\u201d, dijo Patricia Romero Soto, beneficiaria, agregando que \u201clas ventanas termopanel son espectaculares, no vamos a tener humedad, y con la caldera no se nos van a congelar las ca\u00f1er\u00edas. Estoy feliz, porque esto es algo propio que logr\u00e9 con esfuerzo\u201d.<\/p>\n\n\n\n<p><strong>3 a\u00f1os del PEH<\/strong><strong><\/strong><\/p>\n\n\n\n<p>A tres a\u00f1os de su lanzamiento, el Plan de Emergencia Habitacional (PEH) logr\u00f3 poner en marcha m\u00e1s de 225 mil viviendas en todo Chile, superando la capacidad hist\u00f3rica de producci\u00f3n del Minvu. Este avance es posible gracias a la diversificaci\u00f3n de programas, la incorporaci\u00f3n de viviendas industrializadas y el fortalecimiento del Banco de Suelo P\u00fablico, consolidando al PEH como una pol\u00edtica de Estado para garantizar el derecho a la vivienda adecuada.<\/p>\n\n\n\n<p>\u201cEl Plan de Emergencia Habitacional ha permitido construir m\u00e1s viviendas y con mejor calidad en todo el pa\u00eds. A nivel nacional, el avance alcanza un 77%, mientras que en Magallanes ya superamos el 140% y proyectamos llegar al 200%\u201d, afirm\u00f3 el director (s) del SERVIU.<\/p>\n\n\n\n<p>Actualmente, en la regi\u00f3n el Minvu registra 2.728 viviendas entregadas y otras 2.806 est\u00e1n en construcci\u00f3n, en las cuatro provincial. \u201cHemos llegado por primera vez con soluciones habitacionales a Cerro Castillo y Primavera, volvimos a construir en Puerto Williams y seguimos avanzando con obras en Punta Arenas y Puerto Natales. Pr\u00f3ximamente, esperamos iniciar nuevos proyectos en Timaukel y San Gregorio\u201d, destac\u00f3 la autoridad.<\/p>\n\n\n\n<p>Adem\u00e1s de aumentar la construcci\u00f3n de viviendas, el Plan de Emergencia Habitacional ha permitido llegar a lugares donde antes no se constru\u00eda, adapt\u00e1ndose a las distintas realidades del pa\u00eds. Hoy se levantan soluciones en zonas rurales y urbanas, con pertinencia local, enfoque de g\u00e9nero y mejor planificaci\u00f3n de barrios, incorporando \u00e1reas verdes, equipamientos y movilidad.<\/p>\n","protected":false},"excerpt":{"rendered":"<p>136 familias de Punta Arenas visitaron hoy las viviendas piloto del conjunto habitacional \u201cLos Flamencos\u201d, ubicado en la prolongaci\u00f3n de avenida Los Flamencos con la proyectada avenida Circunvalaci\u00f3n. La actividad&#8230; <a class=\"read-more\" href=\"https:\/\/www.radiopresidenteibanez.cl\/web\/familias-de-punta-arenas-conocieron-las-viviendas-piloto-del-proyecto-los-flamencos\/\">Leer m\u00e1s<\/a><\/p>\n","protected":false},"author":2,"featured_media":57449,"comment_status":"closed","ping_status":"closed","sticky":false,"template":"","format":"standard","meta":{"footnotes":""},"categories":[1],"tags":[],"class_list":["post-57448","post","type-post","status-publish","format-standard","has-post-thumbnail","hentry","category-cronica"],"_links":{"self":[{"href":"https:\/\/www.radiopresidenteibanez.cl\/web\/wp-json\/wp\/v2\/posts\/57448","targetHints":{"allow":["GET"]}}],"collection":[{"href":"https:\/\/www.radiopresidenteibanez.cl\/web\/wp-json\/wp\/v2\/posts"}],"about":[{"href":"https:\/\/www.radiopresidenteibanez.cl\/web\/wp-json\/wp\/v2\/types\/post"}],"author":[{"embeddable":true,"href":"https:\/\/www.radiopresidenteibanez.cl\/web\/wp-json\/wp\/v2\/users\/2"}],"replies":[{"embeddable":true,"href":"https:\/\/www.radiopresidenteibanez.cl\/web\/wp-json\/wp\/v2\/comments?post=57448"}],"version-history":[{"count":0,"href":"https:\/\/www.radiopresidenteibanez.cl\/web\/wp-json\/wp\/v2\/posts\/57448\/revisions"}],"wp:featuredmedia":[{"embeddable":true,"href":"https:\/\/www.radiopresidenteibanez.cl\/web\/wp-json\/wp\/v2\/media\/57449"}],"wp:attachment":[{"href":"https:\/\/www.radiopresidenteibanez.cl\/web\/wp-json\/wp\/v2\/media?parent=57448"}],"wp:term":[{"taxonomy":"category","embeddable":true,"href":"https:\/\/www.radiopresidenteibanez.cl\/web\/wp-json\/wp\/v2\/categories?post=57448"},{"taxonomy":"post_tag","embeddable":true,"href":"https:\/\/www.radiopresidenteibanez.cl\/web\/wp-json\/wp\/v2\/tags?post=57448"}],"curies":[{"name":"wp","href":"https:\/\/api.w.org\/{rel}","templated":true}]}}