{"id":57445,"date":"2025-07-07T09:26:00","date_gmt":"2025-07-07T12:26:00","guid":{"rendered":"https:\/\/www.radiopresidenteibanez.cl\/web\/?p=57445"},"modified":"2025-07-07T08:34:52","modified_gmt":"2025-07-07T11:34:52","slug":"esfuerzos-interinstitucionales-apuntan-a-mejorar-acceso-a-la-justicia-en-magallanes","status":"publish","type":"post","link":"https:\/\/www.radiopresidenteibanez.cl\/web\/esfuerzos-interinstitucionales-apuntan-a-mejorar-acceso-a-la-justicia-en-magallanes\/","title":{"rendered":"ESFUERZOS INTERINSTITUCIONALES APUNTAN A MEJORAR ACCESO A LA JUSTICIA EN MAGALLANES"},"content":{"rendered":"\n<p>Con el prop\u00f3sito de potenciar un acceso igualitario a la justicia dentro de la atenci\u00f3n que reciben<br>las y los usuarios del sistema de justicia, y trabajando para identificar y superar toda dificultad o<br>traba que pudiera existir, el sector Justicia y el Poder Judicial se mantienen en estrecho y<br>permanente contacto.<br>As\u00ed lo corroboraron tras una reciente reuni\u00f3n de trabajo, la Seremi de Justicia y Derechos<br>Humanos, Michelle Peutat Alvarado, el Presidente de la Corte de Apelaciones de Punta Arenas,<br>Marcos Kusanovic Antinopai, y el Director Regional de la Corporaci\u00f3n de Asistencia Judicial (CAJ),<br>Alejandro Donatti Ot\u00e1rola. En ella, dialogaron en torno a buscar mecanismos de coordinaci\u00f3n m\u00e1s<br>efectivos para brindar un mejor servicio como instituciones encargadas del acceso a la justicia,<br>teniendo como insumo el trabajo de distintas mesas interinstitucionales en tem\u00e1ticas espec\u00edficas.<br>Las autoridades concordaron en que los problemas que se van dando en materia de justicia son<br>cada vez m\u00e1s complejos y requieren de mayor compromiso, trabajo y coordinaci\u00f3n, siendo<br>imperativo el poder abordarlos en forma integral y con la mejor informaci\u00f3n posible, para brindar<br>una respuesta oportuna a la ciudadan\u00eda en sus distintas necesidades.<br>La Seremi de Justicia y DD.HH., Michelle Peutat Alvarado, destac\u00f3 este v\u00ednculo de trabajo<br>intersectorial entre el Poder Judicial y el Poder Ejecutivo (al que pertenece el Ministerio de Justicia<br>y DD.HH.), en una regi\u00f3n en la que los distintos organismos del Estado requieren ponerse de<br>acuerdo interinstitucionalmente, para poder unificar criterios en materia de atenci\u00f3n. En especial,<br>agilizando situaciones de reclamos de usuarios o usuarias que responden a necesidades m\u00e1s<br>apremiantes, siempre en una din\u00e1mica de respeto y buen trato.<br>Marcos Kusanovic, Presidente de la Corte de Apelaciones, valor\u00f3 el estar permanentemente en<br>contacto con la CAJ para ir mejorando cada vez m\u00e1s la atenci\u00f3n, en especial aquellos casos que<br>tienen requerimientos preferentes como adultos mayores y tambi\u00e9n de las personas m\u00e1s<br>vulnerables. \u201cAsimismo, hemos coordinado tambi\u00e9n el trabajo que queremos llevar m\u00e1s adelante<br>en el tema infancia y adolescencia y otros m\u00e1s que esperamos cumplir este a\u00f1o y dar cuenta a la<br>ciudadan\u00eda en todos los espacios de acceso a la justicia que queremos llevar de aqu\u00ed en adelante\u201d,<br>agreg\u00f3.<\/p>\n\n\n\n<p>Alejandro Donatti, Director Regional de la CAJ, se\u00f1al\u00f3 que \u201csiempre es bueno coordinar y trabajar<br>en forma mancomunada con el Poder Judicial, claramente donde se ven en el fondo satisfechas las<br>necesidades de los usuarios. Por lo tanto, no se concibe m\u00e1s que un trabajo en conjunto para<br>brindar un real acceso a la justicia, con una satisfacci\u00f3n tanto en la atenci\u00f3n que podamos<br>entregar nosotros como los resultados que pueda dar la Corte a trav\u00e9s de sus distintos tribunales\u201d.<br>Dentro de este trabajo, se contempla que la CAJ y sus distintas l\u00edneas de atenci\u00f3n especializada<br>compartan distintos aspectos de trabajo con tribunales para seguir abriendo brechas.<br>En lo inmediato, las autoridades ya trabajan en coordinar actividades en conjunto para dar<br>visibilidad a la conmemoraci\u00f3n del D\u00eda Internacional del Acceso a la Justicia (29 de septiembre),<br>para fortalecer el compromiso del Estado con el derecho a una justicia equitativa y accesible para<br>todos los habitantes de Chile.<\/p>\n","protected":false},"excerpt":{"rendered":"<p>Con el prop\u00f3sito de potenciar un acceso igualitario a la justicia dentro de la atenci\u00f3n que recibenlas y los usuarios del sistema de justicia, y trabajando para identificar y superar&#8230; <a class=\"read-more\" href=\"https:\/\/www.radiopresidenteibanez.cl\/web\/esfuerzos-interinstitucionales-apuntan-a-mejorar-acceso-a-la-justicia-en-magallanes\/\">Leer m\u00e1s<\/a><\/p>\n","protected":false},"author":2,"featured_media":57446,"comment_status":"closed","ping_status":"closed","sticky":false,"template":"","format":"standard","meta":{"footnotes":""},"categories":[1],"tags":[],"class_list":["post-57445","post","type-post","status-publish","format-standard","has-post-thumbnail","hentry","category-cronica"],"_links":{"self":[{"href":"https:\/\/www.radiopresidenteibanez.cl\/web\/wp-json\/wp\/v2\/posts\/57445","targetHints":{"allow":["GET"]}}],"collection":[{"href":"https:\/\/www.radiopresidenteibanez.cl\/web\/wp-json\/wp\/v2\/posts"}],"about":[{"href":"https:\/\/www.radiopresidenteibanez.cl\/web\/wp-json\/wp\/v2\/types\/post"}],"author":[{"embeddable":true,"href":"https:\/\/www.radiopresidenteibanez.cl\/web\/wp-json\/wp\/v2\/users\/2"}],"replies":[{"embeddable":true,"href":"https:\/\/www.radiopresidenteibanez.cl\/web\/wp-json\/wp\/v2\/comments?post=57445"}],"version-history":[{"count":0,"href":"https:\/\/www.radiopresidenteibanez.cl\/web\/wp-json\/wp\/v2\/posts\/57445\/revisions"}],"wp:featuredmedia":[{"embeddable":true,"href":"https:\/\/www.radiopresidenteibanez.cl\/web\/wp-json\/wp\/v2\/media\/57446"}],"wp:attachment":[{"href":"https:\/\/www.radiopresidenteibanez.cl\/web\/wp-json\/wp\/v2\/media?parent=57445"}],"wp:term":[{"taxonomy":"category","embeddable":true,"href":"https:\/\/www.radiopresidenteibanez.cl\/web\/wp-json\/wp\/v2\/categories?post=57445"},{"taxonomy":"post_tag","embeddable":true,"href":"https:\/\/www.radiopresidenteibanez.cl\/web\/wp-json\/wp\/v2\/tags?post=57445"}],"curies":[{"name":"wp","href":"https:\/\/api.w.org\/{rel}","templated":true}]}}