{"id":57442,"date":"2025-07-07T08:25:23","date_gmt":"2025-07-07T11:25:23","guid":{"rendered":"https:\/\/www.radiopresidenteibanez.cl\/web\/?p=57442"},"modified":"2025-07-07T08:25:50","modified_gmt":"2025-07-07T11:25:50","slug":"la-tierra-sera-el-paraiso","status":"publish","type":"post","link":"https:\/\/www.radiopresidenteibanez.cl\/web\/la-tierra-sera-el-paraiso\/","title":{"rendered":"LA TIERRA SER\u00c1 EL PARA\u00cdSO"},"content":{"rendered":"\n<p>Los resultados apabullantes de la primaria oficialista en favor de la candidata Jeanette Jara del partido comunista, configuraron un escenario in\u00e9dito. Desde la recuperaci\u00f3n de la democracia, El PC de Chile s\u00f3lo durante el per\u00edodo de la coalici\u00f3n Nueva Mayor\u00eda se integr\u00f3 como aliado en una alianza de gobierno, esto fue gracias a la presidenta Bachelet entre 2014 y 2018. Si bien en 2021 la candidatura del alcalde de Recoleta Daniel Jadue promet\u00eda, encabezar por primera vez una alianza de gobierno, en esa oportunidad un joven pol\u00edtico magall\u00e1nico, sin mayor historia pol\u00edtica, y con un partido reci\u00e9n constituido, dej\u00f3 con los crespos hechos a Jadue y su partido. El escenario de 2025, que deja fuera del rol protag\u00f3nico al sector pol\u00edtico que gobern\u00f3 exitosamente desde 1990 a 2010, genera una gran incertidumbre. Por una parte, un sector muy importante del electorado se identifica con posturas progresistas pero moderadas. Basta ver los resultados de las elecciones municipales, de consejeros y gobernadores regionales. Esos electores hoy quedan ante una decisi\u00f3n nunca antes vista, optar por una candidata comunista, u optar por una candidatura del sector conservador. Est\u00e1 por verse si dentro de ese sector es do\u00f1a Evelyn, de la derecha dura<br>tradicional, o Jos\u00e9 Kast, del sector ultra conservador, quienes pasan a segunda vuelta junto a la candidata comunista. En esta semana tras la primaria, las primeras encuestas muestran un alza inmediata de la candidata Jeanette Jara, sobre un 30% de menciones espont\u00e1neas, frente a 15 o 16% de los candidatos conservadores. Los aplausos y celebraciones iniciales por considerar que Jara por ser comunista, ser\u00eda m\u00e1s f\u00e1cil de derrotar, va dando paso a una sensaci\u00f3n de<br>intranquilidad, ya que los atributos personales de Jeanette Jara, su carisma, sencillez y simpat\u00eda, fueron determinantes en su triunfo en primarias, lo que hizo intrascendente su militancia pol\u00edtica.<br>La derrota de Carolina Toh\u00e1, con una verdadera paliza como la recibida no se ve\u00eda venir por ning\u00fan lado. Si bien es cierto la concurrencia de un mill\u00f3n 400 mil personas, es una reducida cantidad de electores considerando que el padr\u00f3n ronda los 15 millones, tambi\u00e9n es cierto que las primarias anteriores contaron con una cifra similar de electores.<br>Lo inquietante es que no ha sido la contienda de ideas la que ha primado, sino el juego de emociones, afectividad, donde pes\u00f3 el notable carisma de Jeanette Jara. La prueba m\u00e1s clara que lo \u00fanico determinante fueron los aspectos emocionales, es que la propuesta de programa de gobierno de la candidata del PC, eran unas cuantas p\u00e1ginas de generalidades, y frases para el bronce.<br>No pretendo menoscabar la importancia del triunfo de Jeanette Jara, mal que mal fue una contienda electoral, donde se impuso con votos, tras una campa\u00f1a limpia, que se desarroll\u00f3 con total libertad y sin intromisi\u00f3n de ninguna \u00edndole. El d\u00eda de hoy se analiza en todos los medios que efecto producir\u00eda en Chile elegir a una presidenta comunista. Si bien subsiste un sustrato de anticomunismo visceral y agresivo, que tiene su origen en la dictadura chilena, lo que m\u00e1s<br>se denota en las discusiones y conversaciones cotidianas, es un gran desconocimiento acerca del PC de Chile, y todo lo que conlleva. Los votantes m\u00e1s j\u00f3venes entre 18 y 30 a\u00f1os, se volcaron casi por completo hacia Jara. Lo cierto es que, el PC en su historia en Chile, est\u00e1 cumpliendo este a\u00f1o, nada menos que 103 a\u00f1os, siendo uno de los partidos pol\u00edticos m\u00e1s vetustos, s\u00f3lo superado por el partido radical. En nuestro pa\u00eds siempre ha sujetado su actuar a la normativa vigente, ha<br>integrado gobiernos designando ministros, ha competido en el libre juego democr\u00e1tico eligiendo alcaldes, concejales, parlamentarios, tambi\u00e9n compiti\u00f3 en el pasado por la presidencia de la rep\u00fablica. No existe evidencia hist\u00f3rica de que el PC haya intentado en Chile acceder al poder, por otra v\u00eda que no sean las elecciones democr\u00e1ticas. Su comportamiento incluso durante el gobierno de la Unidad Popular, fue de moderaci\u00f3n, frente a sectores m\u00e1s exaltados pertenecientes al<br>PS, y a sectores que no formaban parte del gobierno como el MIR.<br>Qu\u00e9 se le puede y debe reclamar al PC de Chile, su postura en materia internacional. Ha apoyado a cuanto r\u00e9gimen tir\u00e1nico ha existido, con tal de que proclame sus ideas. La ex URSS, incluso durante los per\u00edodos m\u00e1s \u00e1lgidos de las purgas de Stalin, contaron con su apoyo y respeto. Hasta el poeta Pablo Neruda le dedic\u00f3 un poema al padrecito Stalin. Nunca se hizo autocr\u00edtica alguna, incluso despu\u00e9s de la ca\u00edda del muro. El apoyo actual a Corea del Norte y China,<br>siguen el mismo camino. Qu\u00e9 decir de casos m\u00e1s cercanos como Cuba y Venezuela, cuentan con la justificaci\u00f3n y apoyo entusiasta del partido. Es verdad que el PC de Chile jam\u00e1s ha predicado que pretende instalar en Chile un r\u00e9gimen de partido \u00fanico, como el que existi\u00f3 otrora en la URSS, y existe hoy en China y Corea del Norte. Se argumenta el respeto a la autodeterminaci\u00f3n de los pueblos. Sin embargo, en la izquierda chilena no todos sostienen esa tesis. Precisamente los<\/p>\n\n\n\n<p>sectores derrotados en la primaria, son los que sostienen que no puede concebirse el socialismo sin libertad, democracia y pluralismo. No es una diferencia balad\u00ed, muchos hombres y mujeres estuvieron dispuestos a ofrendar sus vidas en defensa de estas ideas y as\u00ed lo hicieron.<br>Pero de donde proviene, la permanencia en el tiempo del PC de Chile, y cu\u00e1l ha sido el encanto, que durante generaciones ha despertado. Para muestra un bot\u00f3n. La vieja canci\u00f3n, himno de los comunistas del mundo, la Internacional, dice en una de sus estrofas \u201cEl d\u00eda que el triunfo alcancemos, ni esclavos ni hambrientos habr\u00e1, la tierra ser\u00e1 el para\u00edso de toda la humanidad\u201d. Esta frase alude a lo que los te\u00f3ricos denominan la etapa superior en la construcci\u00f3n del socialismo, el advenimiento de la sociedad sin clases sociales. A este estadio de desarrollo, donde ya no<br>existe el estado, se le llama tambi\u00e9n sociedad comunista. Este estado de desarrollo no se ha alcanzado en ning\u00fan lugar de la tierra, y solo se menciona en el plano te\u00f3rico que esa forma de organizaci\u00f3n existi\u00f3 en comunidades primitivas.<br>Tambi\u00e9n se asemeja a la organizaci\u00f3n de las primeras comunidades cristianas, donde la propiedad de los bienes era com\u00fan, y a todos se daba lo que necesitaban.<br>La sociedad sin clases sociales, \u201cLa tierra como para\u00edso de toda la humanidad\u201d, no lo alcanz\u00f3 ni siquiera la URSS, que estableci\u00f3 una dictadura de partido \u00fanico durante 75 a\u00f1os sin acercarse ni un poco a esa sociedad ideal. Tampoco lo ha logrado China, en casi 80 a\u00f1os gobernando el partido comunista. En otras palabras, el PC de Chile con sus m\u00e1s de 100 a\u00f1os de historia, ha seguido un camino diferente, opt\u00f3 por la lucha por el poder pol\u00edtico, y su conquista a trav\u00e9s de medios democr\u00e1ticos. Tanto antes del golpe de estado de 1973, como despu\u00e9s de la recuperaci\u00f3n de la democracia, ha participado en elecciones e integrado gobiernos, dentro del marco normativo vigente.<br>Soy de los que cree que se puede construir una sociedad m\u00e1s justa en un pa\u00eds m\u00e1s pr\u00f3spero, a trav\u00e9s de una contienda de ideas que se desarrolle en democracia, con libertad y pluralismo. Creo en la construcci\u00f3n de consensos y en la b\u00fasqueda de acuerdos, y estos se requieren hoy con urgencia. Con miras a la elecci\u00f3n presidencial de noviembre, las fuerzas democr\u00e1ticas deber\u00e1n construir un programa de gobierno que d\u00e9 garant\u00edas a todos los sectores. Mantener la<br>estabilidad social y pol\u00edtica del pa\u00eds, es la \u00fanica forma de recuperar la senda del crecimiento. Y sin crecimiento econ\u00f3mico no hay igualdad posible. Es imprescindible, que las fuerzas democr\u00e1ticas fijen el marco en el que se desarrollar\u00e1 un eventual gobierno de Jeanette Jara. Sin este compromiso de buen gobierno y de respeto de la estructura social y econ\u00f3mica de Chile, no hay posibilidad alguna, que la candidata Jara conquiste el 20% de electores que le faltan<br>para ganar las elecciones presidenciales.<br>Ernesto Sep\u00falveda Tornero<\/p>\n","protected":false},"excerpt":{"rendered":"<p>Los resultados apabullantes de la primaria oficialista en favor de la candidata Jeanette Jara del partido comunista, configuraron un escenario in\u00e9dito. Desde la recuperaci\u00f3n de la democracia, El PC de&#8230; <a class=\"read-more\" href=\"https:\/\/www.radiopresidenteibanez.cl\/web\/la-tierra-sera-el-paraiso\/\">Leer m\u00e1s<\/a><\/p>\n","protected":false},"author":2,"featured_media":57443,"comment_status":"closed","ping_status":"closed","sticky":false,"template":"","format":"standard","meta":{"footnotes":""},"categories":[1],"tags":[],"class_list":["post-57442","post","type-post","status-publish","format-standard","has-post-thumbnail","hentry","category-cronica"],"_links":{"self":[{"href":"https:\/\/www.radiopresidenteibanez.cl\/web\/wp-json\/wp\/v2\/posts\/57442","targetHints":{"allow":["GET"]}}],"collection":[{"href":"https:\/\/www.radiopresidenteibanez.cl\/web\/wp-json\/wp\/v2\/posts"}],"about":[{"href":"https:\/\/www.radiopresidenteibanez.cl\/web\/wp-json\/wp\/v2\/types\/post"}],"author":[{"embeddable":true,"href":"https:\/\/www.radiopresidenteibanez.cl\/web\/wp-json\/wp\/v2\/users\/2"}],"replies":[{"embeddable":true,"href":"https:\/\/www.radiopresidenteibanez.cl\/web\/wp-json\/wp\/v2\/comments?post=57442"}],"version-history":[{"count":0,"href":"https:\/\/www.radiopresidenteibanez.cl\/web\/wp-json\/wp\/v2\/posts\/57442\/revisions"}],"wp:featuredmedia":[{"embeddable":true,"href":"https:\/\/www.radiopresidenteibanez.cl\/web\/wp-json\/wp\/v2\/media\/57443"}],"wp:attachment":[{"href":"https:\/\/www.radiopresidenteibanez.cl\/web\/wp-json\/wp\/v2\/media?parent=57442"}],"wp:term":[{"taxonomy":"category","embeddable":true,"href":"https:\/\/www.radiopresidenteibanez.cl\/web\/wp-json\/wp\/v2\/categories?post=57442"},{"taxonomy":"post_tag","embeddable":true,"href":"https:\/\/www.radiopresidenteibanez.cl\/web\/wp-json\/wp\/v2\/tags?post=57442"}],"curies":[{"name":"wp","href":"https:\/\/api.w.org\/{rel}","templated":true}]}}