{"id":57435,"date":"2025-07-06T10:32:44","date_gmt":"2025-07-06T13:32:44","guid":{"rendered":"https:\/\/www.radiopresidenteibanez.cl\/web\/?p=57435"},"modified":"2025-07-06T10:33:21","modified_gmt":"2025-07-06T13:33:21","slug":"capacidad-portuaria-comenzo-el-inedito-movimiento-de-aerogeneradoresdes-de-el-terminal-mardones-a-la-rampa-tres-puentes-en-punta-arenas","status":"publish","type":"post","link":"https:\/\/www.radiopresidenteibanez.cl\/web\/capacidad-portuaria-comenzo-el-inedito-movimiento-de-aerogeneradoresdes-de-el-terminal-mardones-a-la-rampa-tres-puentes-en-punta-arenas\/","title":{"rendered":"Capacidad portuaria: Comenz\u00f3 el in\u00e9dito movimiento de aerogeneradoresdes de el Terminal Mardones a la Rampa Tres Puentes en Punta Arenas"},"content":{"rendered":"\n<p>Un verdadero hito portuario y log\u00edstico para Magallanes se vivi\u00f3 durante el jueves en<br>la noche con el inicio del in\u00e9dito movimiento de los primeros componentes de los<br>aerogeneradores destinados al proyecto de parque e\u00f3lico en Tierra del Fuego,<br>Argentina (Total Energies Argentina), desde el Terminal Jos\u00e9 de los Santos<br>Mardones de la Empresa Portuaria Austral hasta la Rampa de Tres Puentes,<br>administrada tambi\u00e9n por la estatal.<br>El traslado consisti\u00f3 en la salida de tres secciones de una de las torres, cada una en<br>camiones especiales para este tipo de faenas, desde el recinto portuario hasta el<br>embarcadero ubicados en el sector norte de Punta Arenas.<br>\u201cNos estamos preparando para que la log\u00edstica de la recepci\u00f3n de carga de parques<br>e\u00f3licos, que es uno de los potenciales desarrollos que puede tener la Regi\u00f3n de<br>Magallanes, sea posible. Desde el puerto estamos contentos por el desempe\u00f1o de<br>estas maniobras. Mostramos que es posible el desembarco y esperamos mantener<br>esa fluidez sin que se genere trastorno en la ciudad\u201d, expres\u00f3 Miguel Palma,<br>Gerente General de la Empresa Portuaria Austral.<br>Durante la operaci\u00f3n, personal de la Empresa Portuaria Austral del \u00e1rea de<br>Operaciones, junto a profesionales de DHL, Transportes Javier Cort\u00e9s y<br>Carabineros vigilaron y apoyaron la correcta operaci\u00f3n que por primera vez se<br>realiza entre ambas instalaciones portuarias y que se coordina para evitar impactos<br>significativos en el sector.<br>Una vez llegados a Tres Puentes, los equipos comenzaron su movimiento hacia el<br>ferry K\u00e9nos de TABSA para ser trasladados v\u00eda mar\u00edtima a Primera Angostura,<br>donde continuar\u00e1n su camino v\u00eda terrestre hasta donde se instalar\u00e1 el parque e\u00f3lico<br>R\u00edo Cullen de Total Energies Argentina.<br>De esta forma, el ejecutivo de la EPAUSTRAL destac\u00f3 la existencia de la<br>infraestructura portuaria en Magallanes como la \u00fanica que actualmente puede recibir<br>este tipo de cargas sobredimensionadas y record\u00f3 que adem\u00e1s el Muelle Mardones<br>est\u00e1 en proceso de reforzamiento de losa, lo que mejorar\u00e1 su desempe\u00f1o: \u201cEsto<br>muestra que el terminal que tenemos tiene la capacidad para hacer este tipo de<br>maniobras. Con la ampliaci\u00f3n que est\u00e1 proyectada para el puerto \u2013donde la<br>EPAUSTRAL est\u00e1 en b\u00fasqueda de financiamiento con garant\u00eda estatal-<br>evidentemente esto muestra que la fluidez con una descarga y movimiento de este<br>tipo es posible\u201d.<\/p>\n\n\n\n<p>En los pr\u00f3ximos d\u00edas se espera un nuevo movimiento de equipos de la segunda<br>torre, para continuar con las aspas de 67 metros de largo y 26 toneladas. Cabe<br>recordar que la operaci\u00f3n comenz\u00f3 el pasado 15 de junio con la llegada del buque<br>BBC Campana al Terminal Mardones y la posterior descarga de los<br>aerogeneradores.<\/p>\n","protected":false},"excerpt":{"rendered":"<p>Un verdadero hito portuario y log\u00edstico para Magallanes se vivi\u00f3 durante el jueves enla noche con el inicio del in\u00e9dito movimiento de los primeros componentes de losaerogeneradores destinados al proyecto&#8230; <a class=\"read-more\" href=\"https:\/\/www.radiopresidenteibanez.cl\/web\/capacidad-portuaria-comenzo-el-inedito-movimiento-de-aerogeneradoresdes-de-el-terminal-mardones-a-la-rampa-tres-puentes-en-punta-arenas\/\">Leer m\u00e1s<\/a><\/p>\n","protected":false},"author":2,"featured_media":57436,"comment_status":"closed","ping_status":"closed","sticky":false,"template":"","format":"standard","meta":{"footnotes":""},"categories":[1],"tags":[],"class_list":["post-57435","post","type-post","status-publish","format-standard","has-post-thumbnail","hentry","category-cronica"],"_links":{"self":[{"href":"https:\/\/www.radiopresidenteibanez.cl\/web\/wp-json\/wp\/v2\/posts\/57435","targetHints":{"allow":["GET"]}}],"collection":[{"href":"https:\/\/www.radiopresidenteibanez.cl\/web\/wp-json\/wp\/v2\/posts"}],"about":[{"href":"https:\/\/www.radiopresidenteibanez.cl\/web\/wp-json\/wp\/v2\/types\/post"}],"author":[{"embeddable":true,"href":"https:\/\/www.radiopresidenteibanez.cl\/web\/wp-json\/wp\/v2\/users\/2"}],"replies":[{"embeddable":true,"href":"https:\/\/www.radiopresidenteibanez.cl\/web\/wp-json\/wp\/v2\/comments?post=57435"}],"version-history":[{"count":0,"href":"https:\/\/www.radiopresidenteibanez.cl\/web\/wp-json\/wp\/v2\/posts\/57435\/revisions"}],"wp:featuredmedia":[{"embeddable":true,"href":"https:\/\/www.radiopresidenteibanez.cl\/web\/wp-json\/wp\/v2\/media\/57436"}],"wp:attachment":[{"href":"https:\/\/www.radiopresidenteibanez.cl\/web\/wp-json\/wp\/v2\/media?parent=57435"}],"wp:term":[{"taxonomy":"category","embeddable":true,"href":"https:\/\/www.radiopresidenteibanez.cl\/web\/wp-json\/wp\/v2\/categories?post=57435"},{"taxonomy":"post_tag","embeddable":true,"href":"https:\/\/www.radiopresidenteibanez.cl\/web\/wp-json\/wp\/v2\/tags?post=57435"}],"curies":[{"name":"wp","href":"https:\/\/api.w.org\/{rel}","templated":true}]}}