{"id":57432,"date":"2025-07-04T17:19:00","date_gmt":"2025-07-04T20:19:00","guid":{"rendered":"https:\/\/www.radiopresidenteibanez.cl\/web\/?p=57432"},"modified":"2025-07-04T11:35:28","modified_gmt":"2025-07-04T14:35:28","slug":"la-junji-magallanes-construira-nuevos-jardines-infantiles-en-san-gregorio-y-laguna-blanca-gracias-a-aprobacion-del-plan-de-zonas-extremas","status":"publish","type":"post","link":"https:\/\/www.radiopresidenteibanez.cl\/web\/la-junji-magallanes-construira-nuevos-jardines-infantiles-en-san-gregorio-y-laguna-blanca-gracias-a-aprobacion-del-plan-de-zonas-extremas\/","title":{"rendered":"La Junji Magallanes construir\u00e1 nuevos jardines infantiles en San Gregorio y Laguna Blanca gracias a aprobaci\u00f3n del Plan de Zonas Extremas"},"content":{"rendered":"\n<p>\u201cLas comunas de San Gregorio y Laguna Blanca requer\u00edan urgente una soluci\u00f3n en educaci\u00f3n inicial. Hemos tenido m\u00faltiples reuniones previas con las respectivas autoridades comunales, as\u00ed como visitas en terreno para evaluar factibilidades. Hoy, la aprobaci\u00f3n del Plan de Zonas Extremas (Pdze) no s\u00f3lo permite materializar estos anhelos, sino que tambi\u00e9n hace justicia territorial. Las ni\u00f1as y los ni\u00f1os que viven en las zonas rurales como Punta Delgada o Villa Tehuelches, tienen los mismos derechos a una Educaci\u00f3n Parvularia de calidad, como los que residen en Punta Arenas. Estos fueron actos de equidad e igualdad\u201d, enfatiz\u00f3 la directora regional de la Junta Nacional de Jardines Infantiles (Junji), Paola Valenzuela Pino.&nbsp;&nbsp;<\/p>\n\n\n\n<p>Afirma que \u00e9stas son respuestas concretas a necesidades largamente expresadas por las comunidades, con una aprobaci\u00f3n de las autoridades regionales que marca un precedente en el fortalecimiento de las zonas rurales. Enfatiz\u00f3 que la misi\u00f3n de la Junji es garantizar Educaci\u00f3n Parvularia p\u00fablica, promoviendo el bienestar integral de ni\u00f1as y ni\u00f1os desde la primera infancia. \u201cHoy reafirmamos ese compromiso con una mirada de desarrollo territorial que reconoce las brechas y las enfrenta con soluciones reales\u201d, agreg\u00f3.<\/p>\n\n\n\n<p>El lunes 30 de junio de 2025, en una sesi\u00f3n extraordinaria celebrada en el Centro Integral Infantil de Juego y Movimiento (Ciijum) de la Junji en Punta Arenas, con una votaci\u00f3n un\u00e1nime, el Consejo Regional (Core) de Magallanes y de la Ant\u00e1rtica Chilena, aprob\u00f3 el Pdze, con una hist\u00f3rica inversi\u00f3n total de $2,4 billones y una ejecuci\u00f3n a diez a\u00f1os. Esta decisi\u00f3n posiciona al territorio austral como la \u00fanica regi\u00f3n extrema de Chile en contar con este plan aprobado por su Core.<\/p>\n\n\n\n<p>El Pdze reafirma el compromiso del Gobierno Regional (Gore) con una pol\u00edtica p\u00fablica planificada, consensuada y de largo aliento. Los proyectos que benefician a San Gregorio y Laguna Blanca, con infraestructura para la primera infancia fueron impulsados por la Secretar\u00eda Regional Ministerial de Educaci\u00f3n (Secreduc) y la Junji.<\/p>\n\n\n\n<p>Las construcciones de los jardines infantiles en la Villa Punta Delgada, comuna de San Gregorio y en Villa Tehuelches, comuna de Laguna Blanca, demandar\u00e1n una inversi\u00f3n conjunta superior a las 60 mil unidades de fomento (UF), m\u00e1s de $2.356 millones. Ambas edificaciones contar\u00e1n con sala cuna y nivel medio.<\/p>\n\n\n\n<p>Igualmente, las dos contemplan una construcci\u00f3n individual de 300 metros cuadrados. En el caso de Villa Punta Delgada, con una inversi\u00f3n estimada de 31.350 UF y en Villa Tehuelches, de 30.979,75 UF, seg\u00fan los valores aproximados definidos por la Direcci\u00f3n de Arquitectura del Ministerio de Obras P\u00fablicas en 2025.<\/p>\n\n\n\n<p>Valent\u00edn Aguilera G\u00f3mez, secretario regional ministerial de Educaci\u00f3n, destac\u00f3 el enfoque del Pdze en los territorios m\u00e1s alejados de los grandes centros urbanos. \u201cContar con proyectos de educaci\u00f3n en la primera infancia en el Pdze es una noticia muy positiva para Magallanes. Estas iniciativas apuntan justamente al esp\u00edritu de este plan impulsado por el Presidente Gabriel Boric Font, entregar herramientas donde m\u00e1s se necesitan, sin importar el punto geogr\u00e1fico. Agradecemos profundamente el trabajo t\u00e9cnico de la Junji, cuyo respaldo garantiza calidad, pertinencia y compromiso con la infancia\u201d, concluy\u00f3.&nbsp;<\/p>\n","protected":false},"excerpt":{"rendered":"<p>\u201cLas comunas de San Gregorio y Laguna Blanca requer\u00edan urgente una soluci\u00f3n en educaci\u00f3n inicial. Hemos tenido m\u00faltiples reuniones previas con las respectivas autoridades comunales, as\u00ed como visitas en terreno&#8230; <a class=\"read-more\" href=\"https:\/\/www.radiopresidenteibanez.cl\/web\/la-junji-magallanes-construira-nuevos-jardines-infantiles-en-san-gregorio-y-laguna-blanca-gracias-a-aprobacion-del-plan-de-zonas-extremas\/\">Leer m\u00e1s<\/a><\/p>\n","protected":false},"author":2,"featured_media":57433,"comment_status":"closed","ping_status":"closed","sticky":false,"template":"","format":"standard","meta":{"footnotes":""},"categories":[1],"tags":[],"class_list":["post-57432","post","type-post","status-publish","format-standard","has-post-thumbnail","hentry","category-cronica"],"_links":{"self":[{"href":"https:\/\/www.radiopresidenteibanez.cl\/web\/wp-json\/wp\/v2\/posts\/57432","targetHints":{"allow":["GET"]}}],"collection":[{"href":"https:\/\/www.radiopresidenteibanez.cl\/web\/wp-json\/wp\/v2\/posts"}],"about":[{"href":"https:\/\/www.radiopresidenteibanez.cl\/web\/wp-json\/wp\/v2\/types\/post"}],"author":[{"embeddable":true,"href":"https:\/\/www.radiopresidenteibanez.cl\/web\/wp-json\/wp\/v2\/users\/2"}],"replies":[{"embeddable":true,"href":"https:\/\/www.radiopresidenteibanez.cl\/web\/wp-json\/wp\/v2\/comments?post=57432"}],"version-history":[{"count":0,"href":"https:\/\/www.radiopresidenteibanez.cl\/web\/wp-json\/wp\/v2\/posts\/57432\/revisions"}],"wp:featuredmedia":[{"embeddable":true,"href":"https:\/\/www.radiopresidenteibanez.cl\/web\/wp-json\/wp\/v2\/media\/57433"}],"wp:attachment":[{"href":"https:\/\/www.radiopresidenteibanez.cl\/web\/wp-json\/wp\/v2\/media?parent=57432"}],"wp:term":[{"taxonomy":"category","embeddable":true,"href":"https:\/\/www.radiopresidenteibanez.cl\/web\/wp-json\/wp\/v2\/categories?post=57432"},{"taxonomy":"post_tag","embeddable":true,"href":"https:\/\/www.radiopresidenteibanez.cl\/web\/wp-json\/wp\/v2\/tags?post=57432"}],"curies":[{"name":"wp","href":"https:\/\/api.w.org\/{rel}","templated":true}]}}