{"id":57426,"date":"2025-07-04T14:09:00","date_gmt":"2025-07-04T17:09:00","guid":{"rendered":"https:\/\/www.radiopresidenteibanez.cl\/web\/?p=57426"},"modified":"2025-07-04T11:01:30","modified_gmt":"2025-07-04T14:01:30","slug":"equipos-de-la-red-de-salud-mental-se-capacitan-en-emergencias-y-desastresincorporando-nueva-herramienta-tecnologica","status":"publish","type":"post","link":"https:\/\/www.radiopresidenteibanez.cl\/web\/equipos-de-la-red-de-salud-mental-se-capacitan-en-emergencias-y-desastresincorporando-nueva-herramienta-tecnologica\/","title":{"rendered":"EQUIPOS DE LA RED DE SALUD MENTAL SE CAPACITAN EN EMERGENCIAS Y DESASTRES,INCORPORANDO NUEVA HERRAMIENTA TECNOL\u00d3GICA"},"content":{"rendered":"\n<p>Este mi\u00e9rcoles se realiz\u00f3 la jornada de capacitaci\u00f3n \u201cGesti\u00f3n de informaci\u00f3n en salud mental y apoyo psicosocial en contextos de emergencias y desastres, y manejo de la herramienta tecnol\u00f3gica 4Q\u201d, instancia destinada a fortalecer las capacidades regionales del sector salud frente a situaciones de emergencia.<br>La actividad fue organizada por el Programa de Salud Mental y el equipo de Emergencias y Desastres de la SEREMI de Salud Magallanes, con el objetivo de reforzar la preparaci\u00f3n y respuesta de los equipos t\u00e9cnicos en salud mental ante escenarios de emergencia. Adem\u00e1s, se capacit\u00f3 a los asistentes en el uso de la herramienta digital 4Q, desarrollada con el apoyo de la OPS y el Gobierno de Canad\u00e1, y actualmente integrada a la plataforma MIDAS del Ministerio de Salud.<br>La Seremi de Salud Francisca Sanfuentes explic\u00f3: \u201cHoy estamos trabajando junto a distintos referentes del sector salud en una jornada organizada por la Autoridad Sanitaria, con la participaci\u00f3n de SENAPRED, el Servicio de Salud y los equipos de la red asistencial. Esta instancia aborda la gesti\u00f3n de emergencias y desastres, con un foco especial en salud mental. Sabemos que en estos contextos no s\u00f3lo se afecta la integridad f\u00edsica o la infraestructura, sino tambi\u00e9n el bienestar emocional de las personas. Por eso, como sector, tenemos el deber de dar una respuesta oportuna y coordinada. En ese marco, estamos capacitando a nuestros equipos en el uso de herramientas que permitan una mejor gesti\u00f3n de la informaci\u00f3n y nos preparen para actuar con eficacia ante futuras emergencias\u201d.<br>Durante la jornada se abordaron temas como el contexto general de emergencias y desastres, a cargo del Director de SENAPRED, Juan Carlos Andrades, el funcionamiento del Comit\u00e9 de Gesti\u00f3n del Riesgo de Desastres (COGRID) del sector salud, con participaci\u00f3n de los coordinadores de emergencia de la Seremi y el Servicio de Salud; Salud Mental en la gesti\u00f3n de riesgo de desastres a cargo de Maribel Bustos y la exposici\u00f3n de la plataforma 4Q, a cargo de Rosa Paredes y Carolina Ulloa.<br>El enfoque de la jornada puso \u00e9nfasis en la atenci\u00f3n psicosocial como parte integral de la respuesta sanitaria ante cat\u00e1strofes. Estudios muestran que entre un 30% y un 50% de la poblaci\u00f3n expuesta a eventos traum\u00e1ticos puede presentar consecuencias emocionales, incluso varios meses despu\u00e9s. Por ello, se destac\u00f3 la importancia de intervenciones oportunas, t\u00e9cnicas de contenci\u00f3n y generaci\u00f3n de espacios seguros para las personas y comunidades afectadas.<br>El Director Regional de SENAPRED, Juan Carlos Andrades, valor\u00f3 la iniciativa del sector salud y destac\u00f3 su compromiso con la preparaci\u00f3n frente a emergencias. Se\u00f1al\u00f3 que esta jornada refleja un trabajo concreto en torno a la primera ayuda psicol\u00f3gica, un componente clave en la atenci\u00f3n inmediata a las personas afectadas por desastres. \u201cEste tipo de instancias hablan muy bien de la preocupaci\u00f3n del sector salud por avanzar en el ciclo del riesgo, especialmente en la fase de preparaci\u00f3n y mitigaci\u00f3n. Que se est\u00e9n alistando los recursos y equipos para enfrentar emergencias desde la dimensi\u00f3n psicosocial es algo totalmente loable e importante\u201d, afirm\u00f3.<br>Andrades tambi\u00e9n recalc\u00f3 la labor de SENAPRED en la concientizaci\u00f3n sobre el riesgo y la necesidad de entender c\u00f3mo las amenazas afectan a la regi\u00f3n, enfatizando la importancia de preparar el sistema para reaccionar adecuadamente. Adem\u00e1s, hizo un llamado a no olvidar a los \u201crespondedores\u201d: \u201cMuchas veces se prioriza la atenci\u00f3n a la poblaci\u00f3n afectada \u2014lo que est\u00e1 muy bien\u2014, pero debemos recordar que quienes est\u00e1n en la primera l\u00ednea de respuesta tambi\u00e9n requieren apoyo psicol\u00f3gico. Por eso, es fundamental que el sistema de salud y los organismos de primera respuesta est\u00e9n incluidos en el acompa\u00f1amiento que ofrece el Sistema Nacional de Prevenci\u00f3n y Respuesta ante Desastres\u201d.<br>La herramienta 4Q fue uno de los elementos centrales de la capacitaci\u00f3n. Esta plataforma tecnol\u00f3gica permite registrar, organizar y analizar las acciones de salud mental durante una emergencia, entregando datos claves para la toma de decisiones. Sus cuatro componentes \u2014persona, comunidad, respondedores y gesti\u00f3n\u2014 facilitan la trazabilidad de actividades y la elaboraci\u00f3n de reportes que fortalecen el trabajo del COGRID de Salud.<br>Carolina Ulloa, profesional del Programa de Salud Mental de la SEREMI de Salud Magallanes, explic\u00f3 que la jornada fue parte del proceso de implementaci\u00f3n regional de herramientas para el abordaje de emergencias, y que uno de los temas centrales fue la plataforma tecnol\u00f3gica 4Q. Esta actividad se desarroll\u00f3 como una r\u00e9plica de la capacitaci\u00f3n entregada por el Ministerio de Salud a los referentes de emergencias y salud mental del pa\u00eds.<br>Destac\u00f3 que en la actividad participaron representantes de toda la red de salud mental regional,<br>incluyendo equipos de atenci\u00f3n primaria, dispositivos especializados como los COSAM y hospitales, unidades de cuidados intensivos psiqui\u00e1tricos (UHCIP), as\u00ed como referentes de emergencia de distintos establecimientos de la regi\u00f3n. La jornada contempl\u00f3 una parte te\u00f3rica durante la ma\u00f1ana y una sesi\u00f3n pr\u00e1ctica en la tarde, donde los asistentes pudieron aplicar los conocimientos adquiridos mediante ejercicios en los cuatro \u00e1mbitos que contempla la plataforma 4Q. Ulloa se\u00f1al\u00f3 que esta herramienta est\u00e1 enfocada en registrar acciones de salud mental en contextos de emergencia, y valor\u00f3 la participaci\u00f3n activa de los equipos, quienes adem\u00e1s pudieron incorporar sus propias experiencias vividas durante eventos recientes en la regi\u00f3n.<br>Esta jornada representa un paso en la modernizaci\u00f3n del abordaje de salud mental en emergencias, articulando a los distintos actores del sistema de salud en torno a una respuesta t\u00e9cnica, coordinada y con mirada preventiva.<\/p>\n","protected":false},"excerpt":{"rendered":"<p>Este mi\u00e9rcoles se realiz\u00f3 la jornada de capacitaci\u00f3n \u201cGesti\u00f3n de informaci\u00f3n en salud mental y apoyo psicosocial en contextos de emergencias y desastres, y manejo de la herramienta tecnol\u00f3gica 4Q\u201d,&#8230; <a class=\"read-more\" href=\"https:\/\/www.radiopresidenteibanez.cl\/web\/equipos-de-la-red-de-salud-mental-se-capacitan-en-emergencias-y-desastresincorporando-nueva-herramienta-tecnologica\/\">Leer m\u00e1s<\/a><\/p>\n","protected":false},"author":2,"featured_media":57427,"comment_status":"closed","ping_status":"closed","sticky":false,"template":"","format":"standard","meta":{"footnotes":""},"categories":[1],"tags":[],"class_list":["post-57426","post","type-post","status-publish","format-standard","has-post-thumbnail","hentry","category-cronica"],"_links":{"self":[{"href":"https:\/\/www.radiopresidenteibanez.cl\/web\/wp-json\/wp\/v2\/posts\/57426","targetHints":{"allow":["GET"]}}],"collection":[{"href":"https:\/\/www.radiopresidenteibanez.cl\/web\/wp-json\/wp\/v2\/posts"}],"about":[{"href":"https:\/\/www.radiopresidenteibanez.cl\/web\/wp-json\/wp\/v2\/types\/post"}],"author":[{"embeddable":true,"href":"https:\/\/www.radiopresidenteibanez.cl\/web\/wp-json\/wp\/v2\/users\/2"}],"replies":[{"embeddable":true,"href":"https:\/\/www.radiopresidenteibanez.cl\/web\/wp-json\/wp\/v2\/comments?post=57426"}],"version-history":[{"count":0,"href":"https:\/\/www.radiopresidenteibanez.cl\/web\/wp-json\/wp\/v2\/posts\/57426\/revisions"}],"wp:featuredmedia":[{"embeddable":true,"href":"https:\/\/www.radiopresidenteibanez.cl\/web\/wp-json\/wp\/v2\/media\/57427"}],"wp:attachment":[{"href":"https:\/\/www.radiopresidenteibanez.cl\/web\/wp-json\/wp\/v2\/media?parent=57426"}],"wp:term":[{"taxonomy":"category","embeddable":true,"href":"https:\/\/www.radiopresidenteibanez.cl\/web\/wp-json\/wp\/v2\/categories?post=57426"},{"taxonomy":"post_tag","embeddable":true,"href":"https:\/\/www.radiopresidenteibanez.cl\/web\/wp-json\/wp\/v2\/tags?post=57426"}],"curies":[{"name":"wp","href":"https:\/\/api.w.org\/{rel}","templated":true}]}}