{"id":57423,"date":"2025-07-04T12:50:00","date_gmt":"2025-07-04T15:50:00","guid":{"rendered":"https:\/\/www.radiopresidenteibanez.cl\/web\/?p=57423"},"modified":"2025-07-04T09:54:25","modified_gmt":"2025-07-04T12:54:25","slug":"parlamentarios-magallanicos-acuden-a-contraloria-por-sobre-precio-en-compra-de-sede-para-mejor-ninez","status":"publish","type":"post","link":"https:\/\/www.radiopresidenteibanez.cl\/web\/parlamentarios-magallanicos-acuden-a-contraloria-por-sobre-precio-en-compra-de-sede-para-mejor-ninez\/","title":{"rendered":"Parlamentarios magall\u00e1nicos acuden a Contralor\u00eda por sobre precio en compra de sede para Mejor Ni\u00f1ez"},"content":{"rendered":"\n<p>Hasta la Contralor\u00eda General de la Rep\u00fablica se dirigieron este jueves el diputado Christian Matheson y el senador Alejandro Kusanovic, para que el \u00f3rgano investigue la compra realizada por el Gobierno Regional de Magallanes de un inmueble que ir\u00eda destinado al servicio Mejor Ni\u00f1ez, pero que a juicio de los legisladores, exceder\u00eda el valor comercial del inmueble y se podr\u00edan configurar una serie de delitos.<\/p>\n\n\n\n<p>En el escrito, los legisladores magall\u00e1nicos piden que \u201cse investigue y determine si la omisi\u00f3n de dictar un acto administrativo fundado, que justifique el uso de la modalidad excepcional de trato directo para la adquisici\u00f3n del inmueble ubicado en Avenida Jorge Alessandri N\u00b0 893 constituye una infracci\u00f3n al principio de legalidad consagrado en el art\u00edculo 6\u00b0 de la Constituci\u00f3n y desarrollado en el art\u00edculo 9\u00b0 de la Ley N\u00b0 18.575, y si ello vulnera lo dispuesto en la Ley N\u00b0 19.886 y su reglamento respecto de la obligatoriedad de fundamentar dicha modalidad mediante resoluci\u00f3n fundada que identifique la causal legal aplicable\u201d.<\/p>\n\n\n\n<p>A su vez, buscan que la contralora Dorothy P\u00e9rez se pueda pronunciar \u201csobre si la decisi\u00f3n adoptada por el Servicio Nacional de Protecci\u00f3n Especializada a la Ni\u00f1ez y Adolescencia, en conjunto con el Gobierno Regional de Magallanes, se encuentra debidamente sustentada en t\u00e9rminos de determinaci\u00f3n del valor comercial del inmueble, conforme al est\u00e1ndar exigido por la jurisprudencia administrativa, esto es, mediante al menos dos tasaciones independientes, realizadas por profesionales id\u00f3neos y sin conflictos de inter\u00e9s\u201d.<\/p>\n\n\n\n<p>Tras presentar el requerimiento, el diputado Matheson subray\u00f3 que tambi\u00e9n est\u00e1n solicitando al \u00f3rgano contralor que tambi\u00e9n se \u201cinvestiguen hechos posteriores en que el vendedor de esa vivienda, en corto plazo, adquiri\u00f3 otro inmueble de propiedad de una sociedad en la que podr\u00eda estar involucrada una persona estrechamente relacionada con el gobernador regional de Magallanes\u201d.<\/p>\n\n\n\n<p>\u201cValoramos positivamente la intenci\u00f3n del gobierno regional de invertir en quienes son el futuro de nuestra regi\u00f3n y pa\u00eds. Sin embargo, interponemos esta denuncia con el objeto de evitar que se materialicen operaciones que puedan configurar actos constitutivos de delito\u201d, agreg\u00f3 Matheson.<\/p>\n\n\n\n<p>Por su parte, el senador Kusanovic se\u00f1al\u00f3 que esperan que Contralor\u00eda \u201cnos pueda indicar si la compra del inmueble, que asciende a casi $ 800 millones, m\u00e1s 400 millones en remodelaci\u00f3n, responde&nbsp;&nbsp; a una justificaci\u00f3n t\u00e9cnica y econ\u00f3mica razonada, o si, por el contrario, dicha alternativa resultaba menos eficiente que un proyecto de construcci\u00f3n nueva, conforme al principio de eficiencia del gasto p\u00fablico\u201d y que esperan poder reunirse en los pr\u00f3ximos d\u00edas con la contralora P\u00e9rez para detallarle los antecedentes del caso.<\/p>\n","protected":false},"excerpt":{"rendered":"<p>Hasta la Contralor\u00eda General de la Rep\u00fablica se dirigieron este jueves el diputado Christian Matheson y el senador Alejandro Kusanovic, para que el \u00f3rgano investigue la compra realizada por el&#8230; <a class=\"read-more\" href=\"https:\/\/www.radiopresidenteibanez.cl\/web\/parlamentarios-magallanicos-acuden-a-contraloria-por-sobre-precio-en-compra-de-sede-para-mejor-ninez\/\">Leer m\u00e1s<\/a><\/p>\n","protected":false},"author":2,"featured_media":57424,"comment_status":"closed","ping_status":"closed","sticky":false,"template":"","format":"standard","meta":{"footnotes":""},"categories":[1],"tags":[],"class_list":["post-57423","post","type-post","status-publish","format-standard","has-post-thumbnail","hentry","category-cronica"],"_links":{"self":[{"href":"https:\/\/www.radiopresidenteibanez.cl\/web\/wp-json\/wp\/v2\/posts\/57423","targetHints":{"allow":["GET"]}}],"collection":[{"href":"https:\/\/www.radiopresidenteibanez.cl\/web\/wp-json\/wp\/v2\/posts"}],"about":[{"href":"https:\/\/www.radiopresidenteibanez.cl\/web\/wp-json\/wp\/v2\/types\/post"}],"author":[{"embeddable":true,"href":"https:\/\/www.radiopresidenteibanez.cl\/web\/wp-json\/wp\/v2\/users\/2"}],"replies":[{"embeddable":true,"href":"https:\/\/www.radiopresidenteibanez.cl\/web\/wp-json\/wp\/v2\/comments?post=57423"}],"version-history":[{"count":0,"href":"https:\/\/www.radiopresidenteibanez.cl\/web\/wp-json\/wp\/v2\/posts\/57423\/revisions"}],"wp:featuredmedia":[{"embeddable":true,"href":"https:\/\/www.radiopresidenteibanez.cl\/web\/wp-json\/wp\/v2\/media\/57424"}],"wp:attachment":[{"href":"https:\/\/www.radiopresidenteibanez.cl\/web\/wp-json\/wp\/v2\/media?parent=57423"}],"wp:term":[{"taxonomy":"category","embeddable":true,"href":"https:\/\/www.radiopresidenteibanez.cl\/web\/wp-json\/wp\/v2\/categories?post=57423"},{"taxonomy":"post_tag","embeddable":true,"href":"https:\/\/www.radiopresidenteibanez.cl\/web\/wp-json\/wp\/v2\/tags?post=57423"}],"curies":[{"name":"wp","href":"https:\/\/api.w.org\/{rel}","templated":true}]}}