{"id":57420,"date":"2025-07-04T11:29:00","date_gmt":"2025-07-04T14:29:00","guid":{"rendered":"https:\/\/www.radiopresidenteibanez.cl\/web\/?p=57420"},"modified":"2025-07-04T09:49:42","modified_gmt":"2025-07-04T12:49:42","slug":"reinsercion-social-juvenil-abre-convocatoria-2025-para-acreditar-a-quienes-presten-servicios-de-mediacion","status":"publish","type":"post","link":"https:\/\/www.radiopresidenteibanez.cl\/web\/reinsercion-social-juvenil-abre-convocatoria-2025-para-acreditar-a-quienes-presten-servicios-de-mediacion\/","title":{"rendered":"REINSERCI\u00d3N SOCIAL JUVENIL ABRE CONVOCATORIA 2025 PARA ACREDITAR A QUIENES PRESTEN SERVICIOS DE MEDIACI\u00d3N"},"content":{"rendered":"\n<p>El Servicio Nacional de Reinserci\u00f3n Social Juvenil inici\u00f3 el llamado p\u00fablico a presentar solicitudes de acreditaci\u00f3n para que personas naturales puedan obtener la calidad de mediador acreditado, solicitudes que ser\u00e1n recepcionadas hasta el lunes 14 de julio.<\/p>\n\n\n\n<p>Cabe destacar que de acuerdo con lo dispuesto en la ley N\u00b021.527, tanto el programa de Mediaci\u00f3n Penal Juvenil y el componente de mediaci\u00f3n del programa Servicio en Beneficio a la Comunidad y Reparaci\u00f3n del Da\u00f1o, podr\u00e1n ser ejecutados \u00fanicamente por los mediadores penales juveniles acreditados.<\/p>\n\n\n\n<p><strong>Mediaci\u00f3n Penal Juvenil<\/strong><\/p>\n\n\n\n<p>La Mediaci\u00f3n Penal Juvenil consiste en un proceso restaurativo y especializado, en virtud del cual la v\u00edctima y el imputado acuerdan determinar conjuntamente la reparaci\u00f3n real o simb\u00f3lica del da\u00f1o ocasionado con la comisi\u00f3n del delito, asistidos por un mediador.<\/p>\n\n\n\n<p>Durante el a\u00f1o 2024 hubo un total de 236 mediaciones derivadas al Servicio de Reinserci\u00f3n Social Juvenil, mientras este estaba implementado entre las regiones de Arica y Coquimbo.<\/p>\n\n\n\n<p>Para la directora nacional del Servicio de Reinserci\u00f3n Social Juvenil, Roc\u00edo Fa\u00fandez, la mediaci\u00f3n penal juvenil es una herramienta novedosa y oportuna, que ha permitido entregar una reparaci\u00f3n concreta a las v\u00edctimas, a la vez que genera en los j\u00f3venes una mayor responsabilidad de sus actos.<\/p>\n\n\n\n<p>\u201cA trav\u00e9s de un proceso de mediaci\u00f3n, el joven puede dimensionar las implicancias de involucrarse con el delito y genere un acto de reparaci\u00f3n que a la v\u00edctima le parezca satisfactorio, que puede ser realizar una actividad comunitaria o si el joven tiene alg\u00fan consumo problem\u00e1tico, ingresar en un tratamiento, o puede ser tambi\u00e9n una reparaci\u00f3n mucho m\u00e1s dirigida hacia la v\u00edctima\u201d, se\u00f1al\u00f3 la directora nacional.<\/p>\n\n\n\n<p>Una herramienta que los propios j\u00f3venes en reinserci\u00f3n han valorado, tal como lo hizo un adolescente en Tarapac\u00e1 que cumpli\u00f3 su mediaci\u00f3n como colaborador de la Cruz Roja. \u201cDecid\u00ed quedarme, por las actividades que se realizan para ayudar a la gente. Me hice voluntario de la Cruz Roja para ayudar a las personas\u201d, sostuvo.<\/p>\n\n\n\n<p>La Ley N\u00b021.527, que dio origen al Servicio Nacional de Reinserci\u00f3n Social Juvenil y reform\u00f3 la Ley N\u00b020.084 sobre responsabilidad penal adolescente, incorpor\u00f3 formalmente la mediaci\u00f3n penal juvenil como una v\u00eda complementaria a la justicia tradicional.<\/p>\n\n\n\n<p>Toda persona natural que quiera para participar del proceso 2025, puede encontrar la documentaci\u00f3n e informaci\u00f3n necesaria en la p\u00e1gina del Servicio Nacional de Reinserci\u00f3n Social Juvenil o ingresando directamente al siguiente hiperv\u00ednculo:&nbsp;<a href=\"https:\/\/www.reinsercionjuvenil.gob.cl\/consejode-estandares-y-acreditacion\/convocatoria-personas-naturales-2025\/\" target=\"_blank\" rel=\"noreferrer noopener\">https:\/\/www.reinsercionjuvenil.gob.cl\/consejode-estandares-y-acreditacion\/convocatoria-personas-naturales-2025\/<\/a><\/p>\n","protected":false},"excerpt":{"rendered":"<p>El Servicio Nacional de Reinserci\u00f3n Social Juvenil inici\u00f3 el llamado p\u00fablico a presentar solicitudes de acreditaci\u00f3n para que personas naturales puedan obtener la calidad de mediador acreditado, solicitudes que ser\u00e1n&#8230; <a class=\"read-more\" href=\"https:\/\/www.radiopresidenteibanez.cl\/web\/reinsercion-social-juvenil-abre-convocatoria-2025-para-acreditar-a-quienes-presten-servicios-de-mediacion\/\">Leer m\u00e1s<\/a><\/p>\n","protected":false},"author":2,"featured_media":57421,"comment_status":"closed","ping_status":"closed","sticky":false,"template":"","format":"standard","meta":{"footnotes":""},"categories":[1],"tags":[],"class_list":["post-57420","post","type-post","status-publish","format-standard","has-post-thumbnail","hentry","category-cronica"],"_links":{"self":[{"href":"https:\/\/www.radiopresidenteibanez.cl\/web\/wp-json\/wp\/v2\/posts\/57420","targetHints":{"allow":["GET"]}}],"collection":[{"href":"https:\/\/www.radiopresidenteibanez.cl\/web\/wp-json\/wp\/v2\/posts"}],"about":[{"href":"https:\/\/www.radiopresidenteibanez.cl\/web\/wp-json\/wp\/v2\/types\/post"}],"author":[{"embeddable":true,"href":"https:\/\/www.radiopresidenteibanez.cl\/web\/wp-json\/wp\/v2\/users\/2"}],"replies":[{"embeddable":true,"href":"https:\/\/www.radiopresidenteibanez.cl\/web\/wp-json\/wp\/v2\/comments?post=57420"}],"version-history":[{"count":0,"href":"https:\/\/www.radiopresidenteibanez.cl\/web\/wp-json\/wp\/v2\/posts\/57420\/revisions"}],"wp:featuredmedia":[{"embeddable":true,"href":"https:\/\/www.radiopresidenteibanez.cl\/web\/wp-json\/wp\/v2\/media\/57421"}],"wp:attachment":[{"href":"https:\/\/www.radiopresidenteibanez.cl\/web\/wp-json\/wp\/v2\/media?parent=57420"}],"wp:term":[{"taxonomy":"category","embeddable":true,"href":"https:\/\/www.radiopresidenteibanez.cl\/web\/wp-json\/wp\/v2\/categories?post=57420"},{"taxonomy":"post_tag","embeddable":true,"href":"https:\/\/www.radiopresidenteibanez.cl\/web\/wp-json\/wp\/v2\/tags?post=57420"}],"curies":[{"name":"wp","href":"https:\/\/api.w.org\/{rel}","templated":true}]}}