{"id":57417,"date":"2025-07-04T10:43:00","date_gmt":"2025-07-04T13:43:00","guid":{"rendered":"https:\/\/www.radiopresidenteibanez.cl\/web\/?p=57417"},"modified":"2025-07-04T08:43:05","modified_gmt":"2025-07-04T11:43:05","slug":"coordinan-fortalecimiento-de-fiscalizaciones-ante-ingreso-de-drogas-en-la-provincia-antartica-chilena","status":"publish","type":"post","link":"https:\/\/www.radiopresidenteibanez.cl\/web\/coordinan-fortalecimiento-de-fiscalizaciones-ante-ingreso-de-drogas-en-la-provincia-antartica-chilena\/","title":{"rendered":"Coordinan fortalecimiento de fiscalizaciones ante ingreso de drogas en la Provincia Ant\u00e1rtica Chilena"},"content":{"rendered":"\n<p>Con el fin de reforzar los procedimientos en fiscalizaci\u00f3n y decomiso de drogas que eventualmente ingresen a la Provincia Ant\u00e1rtica Chilena, la delegada de dicha zona austral, Constanza Calisto Gallardo, sostuvo una reuni\u00f3n con diversas autoridades regionales de Gobierno, Fuerzas Armadas y Seguridad P\u00fablica en Punta Arenas.<\/p>\n\n\n\n<p>Si bien los integrantes de esta reuni\u00f3n destacaron la reducci\u00f3n de incivilidades en el territorio producto de un trabajo preventivo mancomunado de diversas instituciones, mostraron su preocupaci\u00f3n frente a recientes incautaciones de estupefacientes que se han intentado trasladar tanto por v\u00eda mar\u00edtima como a\u00e9rea a Isla Navarino, desde zonas ubicadas fuera de la jurisdicci\u00f3n de la provincia.<\/p>\n\n\n\n<p>En este sentido, la delegada Calisto mencion\u00f3 que \u201cqueremos potenciar el trabajo de las distintas polic\u00edas con aquellas instituciones, como Aduanas y SAG, que se encuentran en los puntos de ingreso y puedan ser de mayor riesgo para la zona. Nuestra provincia mayoritariamente se considera segura por sus propios ciudadanos, por lo que debemos buscar todas las estrategias y colaboraciones necesarias para que estos \u00edndices y percepci\u00f3n de seguridad se mantengan en el tiempo\u201d.<\/p>\n\n\n\n<p>\u201cCuando ya hay signos o indicios de que el intento de ingresar drogas est\u00e1 potenci\u00e1ndose, es tarea de nosotros como autoridades disponer de nuestras capacidades, como tambi\u00e9n de solicitar ayuda cuando escapa a la operatividad que tenemos de manera local. En ese sentido, todas las autoridades a nivel regional que est\u00e1n relacionadas con este tema, se comprometieron con nosotros. Eso por supuesto que va a traer medidas concretas de colaboraci\u00f3n ante la necesidad que estamos planteando\u201d, agreg\u00f3 la m\u00e1xima autoridad provincial.<\/p>\n\n\n\n<p>Por su parte, la seremi de Seguridad P\u00fablica de Magallanes y Ant\u00e1rtica Chilena, Carla Barrientos, sostuvo que \u201cla coordinaci\u00f3n en el trabajo en seguridad es fundamental, especialmente cuando hablamos de un territorio con caracter\u00edsticas tan particulares como la Provincia Ant\u00e1rtica. En este sentido, la reuni\u00f3n sostenida junto a la delegada Calisto, las polic\u00edas y la Armada, nos permiti\u00f3 analizar y definir acciones especialmente respecto al control y fiscalizaci\u00f3n para evitar el ingreso de drogas a la provincia, que es una de las principales preocupaciones de la comunidad. Tambi\u00e9n abordamos otros temas preventivos que apuntan a fortalecer la seguridad\u201d.<\/p>\n\n\n\n<p>Cabe recordar que en el \u00faltimo a\u00f1o se han reforzado las fiscalizaciones por parte de la Polic\u00eda Mar\u00edtima a las embarcaciones que zarpan desde Punta Arenas con destino a Puerto Williams, a solicitud de la Mesa Provincial de Seguridad P\u00fablica que la delegada Calisto encabez\u00f3 hasta el 1 de abril pasado, cuando se cre\u00f3 el Ministerio de Seguridad P\u00fablica. En ellas, se ha detectado droga tanto en la capital regional previo al zarpe, como en la propia ciudad isle\u00f1a. A esto se suman otros decomisos de droga que se intent\u00f3 ingresar por v\u00eda a\u00e9rea, la cual fue decomisada en el aeropuerto de Punta Arenas por Carabineros.<\/p>\n\n\n\n<p>Junto a ello, la Delegaci\u00f3n Presidencial Provincial de la Ant\u00e1rtica Chilena ha reforzado los trabajos intersectoriales con instituciones p\u00fablicas establecidas en Puerto Williams como Armada, Carabineros, Polic\u00eda de Investigaciones, Municipalidad de Cabo de Hornos, adem\u00e1s de la empresa privada, para concretar medidas preventivas y fomentar el esparcimiento que estimule factores protectores y la sana convivencia, especialmente en la poblaci\u00f3n flotante.<\/p>\n","protected":false},"excerpt":{"rendered":"<p>Con el fin de reforzar los procedimientos en fiscalizaci\u00f3n y decomiso de drogas que eventualmente ingresen a la Provincia Ant\u00e1rtica Chilena, la delegada de dicha zona austral, Constanza Calisto Gallardo,&#8230; <a class=\"read-more\" href=\"https:\/\/www.radiopresidenteibanez.cl\/web\/coordinan-fortalecimiento-de-fiscalizaciones-ante-ingreso-de-drogas-en-la-provincia-antartica-chilena\/\">Leer m\u00e1s<\/a><\/p>\n","protected":false},"author":2,"featured_media":57418,"comment_status":"closed","ping_status":"closed","sticky":false,"template":"","format":"standard","meta":{"footnotes":""},"categories":[1],"tags":[],"class_list":["post-57417","post","type-post","status-publish","format-standard","has-post-thumbnail","hentry","category-cronica"],"_links":{"self":[{"href":"https:\/\/www.radiopresidenteibanez.cl\/web\/wp-json\/wp\/v2\/posts\/57417","targetHints":{"allow":["GET"]}}],"collection":[{"href":"https:\/\/www.radiopresidenteibanez.cl\/web\/wp-json\/wp\/v2\/posts"}],"about":[{"href":"https:\/\/www.radiopresidenteibanez.cl\/web\/wp-json\/wp\/v2\/types\/post"}],"author":[{"embeddable":true,"href":"https:\/\/www.radiopresidenteibanez.cl\/web\/wp-json\/wp\/v2\/users\/2"}],"replies":[{"embeddable":true,"href":"https:\/\/www.radiopresidenteibanez.cl\/web\/wp-json\/wp\/v2\/comments?post=57417"}],"version-history":[{"count":0,"href":"https:\/\/www.radiopresidenteibanez.cl\/web\/wp-json\/wp\/v2\/posts\/57417\/revisions"}],"wp:featuredmedia":[{"embeddable":true,"href":"https:\/\/www.radiopresidenteibanez.cl\/web\/wp-json\/wp\/v2\/media\/57418"}],"wp:attachment":[{"href":"https:\/\/www.radiopresidenteibanez.cl\/web\/wp-json\/wp\/v2\/media?parent=57417"}],"wp:term":[{"taxonomy":"category","embeddable":true,"href":"https:\/\/www.radiopresidenteibanez.cl\/web\/wp-json\/wp\/v2\/categories?post=57417"},{"taxonomy":"post_tag","embeddable":true,"href":"https:\/\/www.radiopresidenteibanez.cl\/web\/wp-json\/wp\/v2\/tags?post=57417"}],"curies":[{"name":"wp","href":"https:\/\/api.w.org\/{rel}","templated":true}]}}