{"id":57414,"date":"2025-07-04T09:27:00","date_gmt":"2025-07-04T12:27:00","guid":{"rendered":"https:\/\/www.radiopresidenteibanez.cl\/web\/?p=57414"},"modified":"2025-07-04T08:25:56","modified_gmt":"2025-07-04T11:25:56","slug":"cooperativa-campos-de-hielo-modelo-de-asociatividad-que-impulsa-la-economia-rural-desde-magallanes","status":"publish","type":"post","link":"https:\/\/www.radiopresidenteibanez.cl\/web\/cooperativa-campos-de-hielo-modelo-de-asociatividad-que-impulsa-la-economia-rural-desde-magallanes\/","title":{"rendered":"Cooperativa Campos de Hielo: modelo de asociatividad que impulsa la econom\u00eda rural desde Magallanes"},"content":{"rendered":"\n<p>La Cooperativa Agr\u00edcola Campos de Hielo contin\u00faa consolid\u00e1ndose como una<br>experiencia ejemplar de econom\u00eda asociativa en la regi\u00f3n. A trav\u00e9s de su modelo<br>de trabajo, permite a peque\u00f1os productores rurales organizar su planificaci\u00f3n<br>productiva con antelaci\u00f3n, asegurar la comercializaci\u00f3n de sus productos y<br>acceder a precios m\u00e1s justos mediante compras colectivas y apoyo financiero.<br>Con 13 socios activos, la cooperativa funciona entre los meses de octubre y mayo,<br>temporada en la que se concentran las entregas de productos hort\u00edcolas frescos<br>como lechuga, cilantro, perejil, acelga, calabac\u00edn, entre otros, adem\u00e1s de fruta<br>local. Seg\u00fan su gerente, Jaime Antecao, una de las principales ventajas es que<br>\u00abse entrega toda la producci\u00f3n comprometida en la temporada, permitiendo que<br>los agricultores trabajen con certeza y sin intermediarios, lo que mejora<br>directamente sus ingresos\u00bb.<br>La presidenta de la cooperativa, Lidia Catepill\u00e1n, destac\u00f3 que \u00abla comercializaci\u00f3n<br>es lo principal que tenemos en este local. Nosotros entregamos a la cooperativa y<br>esta distribuye directamente a hoteles, restaurantes y supermercados de Puerto<br>Natales y Punta Arenas. Nos beneficia a todos, porque nuestro esfuerzo no se<br>pierde\u00bb.<br>Desde el \u00e1mbito institucional, la Seremi de Econom\u00eda, Marlene Espa\u00f1a, valor\u00f3<br>esta experiencia y se\u00f1al\u00f3 que \u201cponer en valor el trabajo del cooperativismo y el<br>ejemplo de esta cooperativa es fundamental para la regi\u00f3n. Nos permite hacer un<br>diagn\u00f3stico real de sus necesidades y avanzar en l\u00edneas de apoyo desde el<br>Estado, ya sea a trav\u00e9s de CORFO, Sercotec y AFIDE, que hoy est\u00e1n impulsando<br>el fortalecimiento de modelos asociativos como este\u00bb.<br>La sala de ventas de Campos de Hielo \u2014ubicada en Santiago Bueras esquina<br>Esmeralda, en Puerto Natales\u2014 no solo acerca productos locales a la comunidad,<br>sino que tambi\u00e9n representa una forma concreta de desarrollo econ\u00f3mico con<br>identidad, promoviendo el arraigo rural, el trabajo en red y el protagonismo de los<br>territorios.<\/p>\n","protected":false},"excerpt":{"rendered":"<p>La Cooperativa Agr\u00edcola Campos de Hielo contin\u00faa consolid\u00e1ndose como unaexperiencia ejemplar de econom\u00eda asociativa en la regi\u00f3n. A trav\u00e9s de su modelode trabajo, permite a peque\u00f1os productores rurales organizar su&#8230; <a class=\"read-more\" href=\"https:\/\/www.radiopresidenteibanez.cl\/web\/cooperativa-campos-de-hielo-modelo-de-asociatividad-que-impulsa-la-economia-rural-desde-magallanes\/\">Leer m\u00e1s<\/a><\/p>\n","protected":false},"author":2,"featured_media":57415,"comment_status":"closed","ping_status":"closed","sticky":false,"template":"","format":"standard","meta":{"footnotes":""},"categories":[1],"tags":[],"class_list":["post-57414","post","type-post","status-publish","format-standard","has-post-thumbnail","hentry","category-cronica"],"_links":{"self":[{"href":"https:\/\/www.radiopresidenteibanez.cl\/web\/wp-json\/wp\/v2\/posts\/57414","targetHints":{"allow":["GET"]}}],"collection":[{"href":"https:\/\/www.radiopresidenteibanez.cl\/web\/wp-json\/wp\/v2\/posts"}],"about":[{"href":"https:\/\/www.radiopresidenteibanez.cl\/web\/wp-json\/wp\/v2\/types\/post"}],"author":[{"embeddable":true,"href":"https:\/\/www.radiopresidenteibanez.cl\/web\/wp-json\/wp\/v2\/users\/2"}],"replies":[{"embeddable":true,"href":"https:\/\/www.radiopresidenteibanez.cl\/web\/wp-json\/wp\/v2\/comments?post=57414"}],"version-history":[{"count":0,"href":"https:\/\/www.radiopresidenteibanez.cl\/web\/wp-json\/wp\/v2\/posts\/57414\/revisions"}],"wp:featuredmedia":[{"embeddable":true,"href":"https:\/\/www.radiopresidenteibanez.cl\/web\/wp-json\/wp\/v2\/media\/57415"}],"wp:attachment":[{"href":"https:\/\/www.radiopresidenteibanez.cl\/web\/wp-json\/wp\/v2\/media?parent=57414"}],"wp:term":[{"taxonomy":"category","embeddable":true,"href":"https:\/\/www.radiopresidenteibanez.cl\/web\/wp-json\/wp\/v2\/categories?post=57414"},{"taxonomy":"post_tag","embeddable":true,"href":"https:\/\/www.radiopresidenteibanez.cl\/web\/wp-json\/wp\/v2\/tags?post=57414"}],"curies":[{"name":"wp","href":"https:\/\/api.w.org\/{rel}","templated":true}]}}