{"id":57411,"date":"2025-07-04T08:19:01","date_gmt":"2025-07-04T11:19:01","guid":{"rendered":"https:\/\/www.radiopresidenteibanez.cl\/web\/?p=57411"},"modified":"2025-07-04T08:19:32","modified_gmt":"2025-07-04T11:19:32","slug":"cuantiosa-inversion-aportara-seguridad-al-complejo-penitenciario-ante-eventual-incendio","status":"publish","type":"post","link":"https:\/\/www.radiopresidenteibanez.cl\/web\/cuantiosa-inversion-aportara-seguridad-al-complejo-penitenciario-ante-eventual-incendio\/","title":{"rendered":"CUANTIOSA INVERSI\u00d3N APORTAR\u00c1 SEGURIDAD AL COMPLEJO PENITENCIARIO ANTE EVENTUAL INCENDIO"},"content":{"rendered":"\n<p>Por estos d\u00edas, el Complejo Penitenciario de Punta Arenas se abre en estos d\u00edas a su inversi\u00f3n m\u00e1s<br>relevante de las \u00faltimas dos d\u00e9cadas, con la ejecuci\u00f3n de dos obras simult\u00e1neas consistentes en<br>un sistema de protecci\u00f3n contra incendios y el reemplazo de su red de suministro de gas, cuyo<br>monto conjunto se aproxima a mil millones de pesos, optimizando de esta manera los est\u00e1ndares<br>de funcionamiento y seguridad de la principal unidad penal en la regi\u00f3n.<br>Esta ma\u00f1ana, la Seremi Michelle Peutat y el Director Regional de Gendarmer\u00eda de Chile, coronel<br>Rodrigo Campusano Y\u00e1\u00f1ez, encabezaron un recorrido con medios de comunicaci\u00f3n regionales<br>para dar a conocer los avances que registran ambas obras en marcha, las que representan la<br>mayor inversi\u00f3n institucional de Gendarmer\u00eda realizada a la fecha en este recinto penitenciario.<br>As\u00ed lo corrobor\u00f3 la Seremi de Justicia y Derechos Humanos, Michelle Peutat Alvarado, al remarcar<br>la relevancia de estas sustantivas mejoras, con el aporte sectorial m\u00e1s importante que se ha hecho<br>desde la construcci\u00f3n de esta unidad en 2003, \u201cy se suma a diversas obras de infraestructura<br>desarrolladas durante el gobierno del Presidente Gabriel Boric, como la ampliaci\u00f3n de la Secci\u00f3n<br>Femenina de Punta Arenas y Puerto Natales, la nueva central t\u00e9rmica del CDP de Natales y la<br>reposici\u00f3n de calderas el a\u00f1o pasado para mantener buenas condiciones de calefacci\u00f3n\u201d.<br>A la luz de estos avances, destac\u00f3 que \u201cun sistema penitenciario fortalecido brinda seguridad a la<br>ciudadan\u00eda y, por \u00faltimo, no s\u00f3lo beneficia a la poblaci\u00f3n penal sino tambi\u00e9n a funcionarios y<br>funcionarias que desempe\u00f1an tareas en este lugar, e incluso a las personas que concurren<br>semanalmente a las unidades penales para visitar a sus familiares\u201d. Agreg\u00f3 que las faenas han<br>servido para entregar empleo no solamente a las empresas que se adjudicaron la licitaci\u00f3n sino<br>tambi\u00e9n a trabajadores del Centro de Educaci\u00f3n y Trabajos, CET Semiabierto, potenciando de paso<br>la reinserci\u00f3n.<br>Para el coronel Rodrigo Campusano, Director de la instituci\u00f3n penitenciaria, \u201cse trata de obras<br>important\u00edsimas para Gendarmer\u00eda desde el punto de vista de la seguridad, que vienen a fomentar<br>y a generar seguridad integral al Complejo Penitenciario de Punta Arenas, no solamente a la<br>unidad penal, sino que tambi\u00e9n al CET, a las cuadras del personal y al CRS (Centro de Reinserci\u00f3n<br>Social), que nos permite abordar situaciones cr\u00edticas que se generen en el establecimiento en forma<br>oportuna y con las condiciones t\u00e9cnicas requeridas\u201d.<\/p>\n\n\n\n<p>Entre las obras en ejecuci\u00f3n resalt\u00f3 el \u201cpulm\u00f3n\u201d de la nueva red contra incendios (adyacente a los<br>talleres del CET Semiabierto), consistente en la planta de bombeo con flujo constante, la cual<br>alberga dos sistemas de impulsi\u00f3n de agua, uno el\u00e9ctrico y otro de respaldo mec\u00e1nico (con motor<br>di\u00e9sel ante eventual falla del generador el\u00e9ctrico). Esta planta est\u00e1 dise\u00f1ada para impulsar el agua<br>alimentando un sistema de 1.300 metros de ca\u00f1er\u00eda de incendios. Para ello, dispone de un<br>estanque aleda\u00f1o con capacidad de hasta 200 metros c\u00fabicos (la norma exige un m\u00ednimo de 150<br>metros c\u00fabicos).<br>Erick Escobar Cerda, Coordinador Regional de Infraestructura de Gendarmer\u00eda, valor\u00f3 el poder<br>disponer en adelante de una red de incendios exclusiva para ese uso, dise\u00f1ada para una presi\u00f3n<br>de 8 a 12 BAR, que permitir\u00e1 combatir eventuales siniestros con mayor eficacia, en tanto el<br>sistema original, no estaba separado y adolec\u00eda de presi\u00f3n suficiente. La habilitaci\u00f3n de este<br>sistema de impulsi\u00f3n automatizado considera adem\u00e1s la instalaci\u00f3n de 21 grifos nuevos, gabinetes<br>con mangueras de 25 a 30 metros para proteger al funcionariado y poblaci\u00f3n penal en caso de<br>evacuaci\u00f3n, sumado a un sistema de rociadores o sprinkers y un sistema inerte de electricidad<br>(generador) para dotar de energ\u00eda a Bomberos si se cortara dicho suministro.<br>Indic\u00f3 que esta faena ya totaliza un 60 por ciento a avances, con plazo de entrega al 8 de<br>septiembre. Su inversi\u00f3n asciende a 684 millones de pesos, y est\u00e1n a cargo de la empresa regional<br>Ingepa.<br>En paralelo se desarrollan los trabajos para habilitar al centro penitenciario de una nueva red de<br>gas, consistente en reemplazar todas las ca\u00f1er\u00edas de gas y dotar a cada unidad operativa de un<br>medidor independiente (ocho en total), en procura de contar con la normalizaci\u00f3n ante la<br>Superintendencia de Electricidad y Combustibles (SEC) y certificado de sello verde.<br>Esta mejora incorporar\u00e1 un nuevo medidor exclusivo para el CET Semiabierto, unidad que dispone<br>de panader\u00eda y que, a la fecha, contaba con un horno y un maestro productor de pan. \u201cAhora<br>pidieron un aumento de potencia al 80 por ciento para poner tres hornos y dos trabajadores de<br>pan\u201d, se\u00f1al\u00f3, dot\u00e1ndolos adem\u00e1s de un suministro de media presi\u00f3n en lugar de baja presi\u00f3n.<br>Esta licitaci\u00f3n parti\u00f3 el 5 de marzo, con un 50 por ciento de ejecuci\u00f3n y considera un monto de<br>272 millones de pesos, a cargo de la empresa Elemec. Su entrega definitiva est\u00e1 prevista para<br>inicios de septiembre.<\/p>\n","protected":false},"excerpt":{"rendered":"<p>Por estos d\u00edas, el Complejo Penitenciario de Punta Arenas se abre en estos d\u00edas a su inversi\u00f3n m\u00e1srelevante de las \u00faltimas dos d\u00e9cadas, con la ejecuci\u00f3n de dos obras simult\u00e1neas&#8230; <a class=\"read-more\" href=\"https:\/\/www.radiopresidenteibanez.cl\/web\/cuantiosa-inversion-aportara-seguridad-al-complejo-penitenciario-ante-eventual-incendio\/\">Leer m\u00e1s<\/a><\/p>\n","protected":false},"author":2,"featured_media":57412,"comment_status":"closed","ping_status":"closed","sticky":false,"template":"","format":"standard","meta":{"footnotes":""},"categories":[1],"tags":[],"class_list":["post-57411","post","type-post","status-publish","format-standard","has-post-thumbnail","hentry","category-cronica"],"_links":{"self":[{"href":"https:\/\/www.radiopresidenteibanez.cl\/web\/wp-json\/wp\/v2\/posts\/57411","targetHints":{"allow":["GET"]}}],"collection":[{"href":"https:\/\/www.radiopresidenteibanez.cl\/web\/wp-json\/wp\/v2\/posts"}],"about":[{"href":"https:\/\/www.radiopresidenteibanez.cl\/web\/wp-json\/wp\/v2\/types\/post"}],"author":[{"embeddable":true,"href":"https:\/\/www.radiopresidenteibanez.cl\/web\/wp-json\/wp\/v2\/users\/2"}],"replies":[{"embeddable":true,"href":"https:\/\/www.radiopresidenteibanez.cl\/web\/wp-json\/wp\/v2\/comments?post=57411"}],"version-history":[{"count":0,"href":"https:\/\/www.radiopresidenteibanez.cl\/web\/wp-json\/wp\/v2\/posts\/57411\/revisions"}],"wp:featuredmedia":[{"embeddable":true,"href":"https:\/\/www.radiopresidenteibanez.cl\/web\/wp-json\/wp\/v2\/media\/57412"}],"wp:attachment":[{"href":"https:\/\/www.radiopresidenteibanez.cl\/web\/wp-json\/wp\/v2\/media?parent=57411"}],"wp:term":[{"taxonomy":"category","embeddable":true,"href":"https:\/\/www.radiopresidenteibanez.cl\/web\/wp-json\/wp\/v2\/categories?post=57411"},{"taxonomy":"post_tag","embeddable":true,"href":"https:\/\/www.radiopresidenteibanez.cl\/web\/wp-json\/wp\/v2\/tags?post=57411"}],"curies":[{"name":"wp","href":"https:\/\/api.w.org\/{rel}","templated":true}]}}