{"id":5741,"date":"2019-07-16T19:57:06","date_gmt":"2019-07-16T19:57:06","guid":{"rendered":"http:\/\/www.radiopresidenteibanez.cl\/web\/?p=5741"},"modified":"2019-07-16T19:57:49","modified_gmt":"2019-07-16T19:57:49","slug":"core-no-se-pronuncio-frente-al-ari-hay-proyectos-que-no-fueron-lo-suficientemente-socializados","status":"publish","type":"post","link":"https:\/\/www.radiopresidenteibanez.cl\/web\/core-no-se-pronuncio-frente-al-ari-hay-proyectos-que-no-fueron-lo-suficientemente-socializados\/","title":{"rendered":"CORE NO SE PRONUNCI\u00d3 FRENTE AL ARI \u201cHAY PROYECTOS QUE NO FUERON LO SUFICIENTEMENTE SOCIALIZADOS\u201d"},"content":{"rendered":"\n<p>El presidente del Consejo Regional, Tolentino Soto, se\nrefiri\u00f3 al no pronunciamiento del pleno frente al proyecto de presupuesto\npresentado desde el Gobierno (ARI), que incluye las iniciativas contempladas en\nlas distintas carteras, a ejecutar en la regi\u00f3n. <\/p>\n\n\n\n<p>\u201cProdujo cierto malestar el hecho de que hayan proyectos que\nno han sido lo suficientemente socializados con los concejos municipales ni con\nel Consejo Regional, como el proyecto de la v\u00eda de elevaci\u00f3n, y se da como\nrespuesta, que si no se aprueban esos proyectos, los recursos se pierden, no\ndejando ninguna alternativa y poniendo en riesgo el avance que se ha tenido en\nmaterial de descentralizaci\u00f3n\u201d, afirm\u00f3 el representante del Cuerpo Colegiado. <\/p>\n\n\n\n<p>Soto Espa\u00f1a agreg\u00f3 que \u201cel Consejo Regional, que es el\norganismo electo por la comunidad, que tendr\u00eda mucho que decir respecto a si un\nproyecto es conveniente o no, se queda sin voz ni voto porque si no, los\nrecursos se pierden\u201d. <\/p>\n\n\n\n<p>Las declaraciones fueron emitidas luego que el pleno\nemitiera siete votos en contra, una abstenci\u00f3n y seis votos a favor del\nproyecto presentado por el intendente, Jos\u00e9 Fern\u00e1ndez, sin alcanzar un\npronunciamiento favorable o un rechazo del Consejo Regional al respecto. En\neste contexto, la iniciativa sigui\u00f3 su tramitaci\u00f3n en los t\u00e9rminos en que hab\u00eda\nsido presentada desde el Gobierno Regional. <\/p>\n\n\n\n<p>Los consejeros pasaron gran parte de la jornada del lunes\nescuchando las exposiciones de los representantes de las diferentes carteras, quienes\nexpusieron las iniciativas que se contemplaban en el proyecto de inversiones.<\/p>\n\n\n\n<p>Por otro lado, el Consejo Regional aprob\u00f3 de manera un\u00e1nime\nel Proyecto de Ejecuci\u00f3n Presupuestaria, donde se incluye el presupuesto del\nFondo Nacional de Desarrollo Regional (FNDR), por un monto de M$85.609.028 y\ndel Fondema, por un monto de M$6.165.955, ambos programas con importancia\ndirecta por parte del Gobierno Regional.<\/p>\n","protected":false},"excerpt":{"rendered":"<p>El presidente del Consejo Regional, Tolentino Soto, se refiri\u00f3 al no pronunciamiento del pleno frente al proyecto de presupuesto presentado desde el Gobierno (ARI), que incluye las iniciativas contempladas en&#8230; <a class=\"read-more\" href=\"https:\/\/www.radiopresidenteibanez.cl\/web\/core-no-se-pronuncio-frente-al-ari-hay-proyectos-que-no-fueron-lo-suficientemente-socializados\/\">Leer m\u00e1s<\/a><\/p>\n","protected":false},"author":2,"featured_media":5743,"comment_status":"closed","ping_status":"closed","sticky":false,"template":"","format":"standard","meta":{"footnotes":""},"categories":[1],"tags":[],"class_list":["post-5741","post","type-post","status-publish","format-standard","has-post-thumbnail","hentry","category-cronica"],"_links":{"self":[{"href":"https:\/\/www.radiopresidenteibanez.cl\/web\/wp-json\/wp\/v2\/posts\/5741","targetHints":{"allow":["GET"]}}],"collection":[{"href":"https:\/\/www.radiopresidenteibanez.cl\/web\/wp-json\/wp\/v2\/posts"}],"about":[{"href":"https:\/\/www.radiopresidenteibanez.cl\/web\/wp-json\/wp\/v2\/types\/post"}],"author":[{"embeddable":true,"href":"https:\/\/www.radiopresidenteibanez.cl\/web\/wp-json\/wp\/v2\/users\/2"}],"replies":[{"embeddable":true,"href":"https:\/\/www.radiopresidenteibanez.cl\/web\/wp-json\/wp\/v2\/comments?post=5741"}],"version-history":[{"count":0,"href":"https:\/\/www.radiopresidenteibanez.cl\/web\/wp-json\/wp\/v2\/posts\/5741\/revisions"}],"wp:featuredmedia":[{"embeddable":true,"href":"https:\/\/www.radiopresidenteibanez.cl\/web\/wp-json\/wp\/v2\/media\/5743"}],"wp:attachment":[{"href":"https:\/\/www.radiopresidenteibanez.cl\/web\/wp-json\/wp\/v2\/media?parent=5741"}],"wp:term":[{"taxonomy":"category","embeddable":true,"href":"https:\/\/www.radiopresidenteibanez.cl\/web\/wp-json\/wp\/v2\/categories?post=5741"},{"taxonomy":"post_tag","embeddable":true,"href":"https:\/\/www.radiopresidenteibanez.cl\/web\/wp-json\/wp\/v2\/tags?post=5741"}],"curies":[{"name":"wp","href":"https:\/\/api.w.org\/{rel}","templated":true}]}}