{"id":57408,"date":"2025-07-03T17:09:00","date_gmt":"2025-07-03T20:09:00","guid":{"rendered":"https:\/\/www.radiopresidenteibanez.cl\/web\/?p=57408"},"modified":"2025-07-03T12:04:08","modified_gmt":"2025-07-03T15:04:08","slug":"familias-de-porvenir-recibieron-ayudas-tecnicas-del-programa-red-local-de-apoyos-y-cuidados","status":"publish","type":"post","link":"https:\/\/www.radiopresidenteibanez.cl\/web\/familias-de-porvenir-recibieron-ayudas-tecnicas-del-programa-red-local-de-apoyos-y-cuidados\/","title":{"rendered":"Familias de Porvenir recibieron ayudas t\u00e9cnicas del programa Red Local de Apoyos y Cuidados"},"content":{"rendered":"\n<p>Ramplas port\u00e1tiles, sillas de ba\u00f1o, lavapelos, y cojines antiescaras, fueron parte de las ayudas t\u00e9cnicas que recibieron ocho familias de Porvenir, en el marco del programa de Gobierno dedicado a apoyar a las personas en situaci\u00f3n de dependencia (moderada y severa) y a las personas que les brindan cuidados.<\/p>\n\n\n\n<p>Se trata del Programa Red Local de Apoyos y Cuidados (PRLAC)&nbsp;creado en 2017 y que actualmente es parte de la oferta del Sistema Nacional de Apoyos y Cuidados \u201cChile Cuida\u201d, proyecto de ley que se encuentra en su&nbsp;segundo tr\u00e1mite legislativo en el Senado, y que reconoce el cuidado como un trabajo y un derecho, estableciendo tambi\u00e9n una institucionalidad que permita asegurarlo de manera universal y progresiva.<\/p>\n\n\n\n<p>Dependiente del Ministerio de Desarrollo Social y Familia y ejecutado en los territorios por los municipios, este programa contribuye a que las personas en situaci\u00f3n de dependencia funcional mantengan o mejoren el desarrollo de las actividades b\u00e1sicas y situaciones de la vida diaria, y a su vez, que las personas cuidadoras mantengan o disminuyan su nivel de sobrecarga.<\/p>\n\n\n\n<p>El Seremi de Desarrollo Social y Familia, Danilo Mimica, explic\u00f3 que \u201ceste programa adem\u00e1s realiza entrega de ayudas t\u00e9cnicas, entendido como los dispositivos o productos dise\u00f1ados para facilitar la vida de personas con discapacidad o dependencia. Este programa comenz\u00f3 a funcionar en Porvenir hace poco m\u00e1s de un a\u00f1o, siendo inaugurado por nuestra Ministra Javiera Toro, y esta es la primera entrega de ayudas t\u00e9cnicas que nos toca otorgarle a las familias beneficiarias\u201d.<\/p>\n\n\n\n<p>Tambi\u00e9n, el Alcalde de Porvenir Jos\u00e9 Gabriel Parada, destac\u00f3 el alcance de este programa argumentando que \u201cel PRLAC es un ejemplo de una pol\u00edtica p\u00fablica descentralizada, con un alcance que va m\u00e1s all\u00e1 de las capitales regionales, entregando cobertura a comunas rurales o con menor densidad poblacional. Hoy, tenemos como beneficiarios a 15 diadas o duplas&nbsp;integradas por la persona que cuida y quien recibe los cuidados, y esperamos que con el tiempo pueda reforzarse porque sabemos que como pa\u00eds vivimos una crisis en materia de cuidados, debido al aumento de personas mayores y a las bajas tasas de natalidad\u201d.<\/p>\n\n\n\n<p>En la regi\u00f3n de Magallanes y de la Ant\u00e1rtica Chilena, el PRLAC se encuentra operando en las comunas de Punta Arenas, Natales, San Gregorio, Cabo de Hornos, Torres del Paine y Porvenir, entregando una atenci\u00f3n total para 202 diadas, concepto utilizado para referirse a la dupla conformada entre la persona que cuida y quien recibe el cuidado.<\/p>\n\n\n\n<p><strong>Acreditarse como personas cuidadora<\/strong><strong><\/strong><\/p>\n\n\n\n<p>El Ministerio de Desarrollo Social y Familia habilit\u00f3 un complemento en el Registro Social de Hogares (RSH) para que las personas cuidadoras no remuneradas puedan acreditarse y obtener una credencial o certificado que reconoce esta calidad.<\/p>\n\n\n\n<p>Este tr\u00e1mite se puede efectuar de manera online en&nbsp;<a href=\"http:\/\/www.registrosocial.gob.cl\/\" target=\"_blank\" rel=\"noreferrer noopener\">www.registrosocial.gob.cl<\/a>, o en las oficinas presenciales del Registro Social de Hogares ubicadas en los municipios.<\/p>\n","protected":false},"excerpt":{"rendered":"<p>Ramplas port\u00e1tiles, sillas de ba\u00f1o, lavapelos, y cojines antiescaras, fueron parte de las ayudas t\u00e9cnicas que recibieron ocho familias de Porvenir, en el marco del programa de Gobierno dedicado a&#8230; <a class=\"read-more\" href=\"https:\/\/www.radiopresidenteibanez.cl\/web\/familias-de-porvenir-recibieron-ayudas-tecnicas-del-programa-red-local-de-apoyos-y-cuidados\/\">Leer m\u00e1s<\/a><\/p>\n","protected":false},"author":2,"featured_media":57409,"comment_status":"closed","ping_status":"closed","sticky":false,"template":"","format":"standard","meta":{"footnotes":""},"categories":[1],"tags":[],"class_list":["post-57408","post","type-post","status-publish","format-standard","has-post-thumbnail","hentry","category-cronica"],"_links":{"self":[{"href":"https:\/\/www.radiopresidenteibanez.cl\/web\/wp-json\/wp\/v2\/posts\/57408","targetHints":{"allow":["GET"]}}],"collection":[{"href":"https:\/\/www.radiopresidenteibanez.cl\/web\/wp-json\/wp\/v2\/posts"}],"about":[{"href":"https:\/\/www.radiopresidenteibanez.cl\/web\/wp-json\/wp\/v2\/types\/post"}],"author":[{"embeddable":true,"href":"https:\/\/www.radiopresidenteibanez.cl\/web\/wp-json\/wp\/v2\/users\/2"}],"replies":[{"embeddable":true,"href":"https:\/\/www.radiopresidenteibanez.cl\/web\/wp-json\/wp\/v2\/comments?post=57408"}],"version-history":[{"count":0,"href":"https:\/\/www.radiopresidenteibanez.cl\/web\/wp-json\/wp\/v2\/posts\/57408\/revisions"}],"wp:featuredmedia":[{"embeddable":true,"href":"https:\/\/www.radiopresidenteibanez.cl\/web\/wp-json\/wp\/v2\/media\/57409"}],"wp:attachment":[{"href":"https:\/\/www.radiopresidenteibanez.cl\/web\/wp-json\/wp\/v2\/media?parent=57408"}],"wp:term":[{"taxonomy":"category","embeddable":true,"href":"https:\/\/www.radiopresidenteibanez.cl\/web\/wp-json\/wp\/v2\/categories?post=57408"},{"taxonomy":"post_tag","embeddable":true,"href":"https:\/\/www.radiopresidenteibanez.cl\/web\/wp-json\/wp\/v2\/tags?post=57408"}],"curies":[{"name":"wp","href":"https:\/\/api.w.org\/{rel}","templated":true}]}}