{"id":57405,"date":"2025-07-03T15:53:00","date_gmt":"2025-07-03T18:53:00","guid":{"rendered":"https:\/\/www.radiopresidenteibanez.cl\/web\/?p=57405"},"modified":"2025-07-03T11:49:11","modified_gmt":"2025-07-03T14:49:11","slug":"egresadas-de-terapia-ocupacional-realizaran-voluntariado-en-honduras","status":"publish","type":"post","link":"https:\/\/www.radiopresidenteibanez.cl\/web\/egresadas-de-terapia-ocupacional-realizaran-voluntariado-en-honduras\/","title":{"rendered":"Egresadas de Terapia Ocupacional realizar\u00e1n voluntariado en Honduras"},"content":{"rendered":"\n<p>Tras haber finalizado recientemente sus estudios en la carrera de Terapia Ocupacional y recibido su t\u00edtulo profesional,&nbsp;<strong>Fani Haro Vera<\/strong>&nbsp;y&nbsp;<strong>Roc\u00edo Barr\u00eda Vera<\/strong>&nbsp;se alistan para iniciar una experiencia internacional como voluntarias en la organizaci\u00f3n&nbsp;<a href=\"https:\/\/nph.org\/es\/\" target=\"_blank\" rel=\"noreferrer noopener\">Nuestros Peque\u00f1os Hermanos<\/a>&nbsp;(NPH), con destino en Honduras.<\/p>\n\n\n\n<p>Ambas participaron hace pocas semanas en la ceremonia de titulaci\u00f3n de la UMAG y, durante las pr\u00f3ximas semanas, se integrar\u00e1n al programa residencial de NPH en ese pa\u00eds, una experiencia que \u2014seg\u00fan relatan\u2014 les permitir\u00e1 aplicar sus conocimientos y adquirir nuevas herramientas en el ejercicio de su profesi\u00f3n.<\/p>\n\n\n\n<p>\u201cCon mi compa\u00f1era estamos s\u00faper emocionadas de emprender este viaje, que va a ser muy enriquecedor en cuanto a nuestros conocimientos, porque ya tenemos una base que nos entreg\u00f3 la universidad. Es ir a desarrollarnos all\u00e1, donde vamos a estar, y principalmente ganar experiencia\u201d, expres\u00f3 Fani Haro.<\/p>\n\n\n\n<p>En tanto, Roc\u00edo Barr\u00eda destac\u00f3 que la instancia \u201cnos va a ayudar a generar confianza. Desde nuestra profesi\u00f3n vamos a ir a ejercer y a aprender nuevos conocimientos para despu\u00e9s volver a Chile y poder ejercerlos ac\u00e1\u201d.<\/p>\n\n\n\n<p>En relaci\u00f3n con las funciones que deber\u00e1n desempe\u00f1ar, indicaron que su trabajo consistir\u00e1 en realizar evaluaciones a ni\u00f1os, ni\u00f1as y adolescentes, desarrollar planificaciones de intervenci\u00f3n y aplicar reevaluaciones para observar avances, tal como aprendieron durante su formaci\u00f3n.<\/p>\n\n\n\n<p>\u201cNuestro trabajo va a ser realizar evaluaciones, tambi\u00e9n planificaciones tal cual como lo hacemos ac\u00e1 y como nos ense\u00f1aron nuestros docentes. Despu\u00e9s de un periodo de tiempo necesitamos volver a realizar reevaluaciones para ver los avances\u201d, detall\u00f3 Roc\u00edo.<\/p>\n\n\n\n<p>Asimismo, Fani valor\u00f3 el reto que implica dar este paso una vez egresadas: \u201cEste viaje nos servir\u00e1 para generar mayor confianza en una misma, sobre todo cuando una reci\u00e9n egresa, porque es un mundo totalmente distinto. En las pr\u00e1cticas uno est\u00e1 con un tutor que lo gu\u00eda, pero en este caso vamos a estar solas\u201d.<\/p>\n\n\n\n<p>\u201cVa a ser una gran oportunidad tanto para el crecimiento desde el \u00e1mbito profesional como del personal\u201d, agreg\u00f3 Roc\u00edo.<\/p>\n\n\n\n<p>La experiencia en Honduras les permitir\u00e1 enfrentarse a nuevos contextos sociales, culturales y cl\u00ednicos, lo que ampliar\u00e1 su mirada sobre el ejercicio de la Terapia Ocupacional. Adem\u00e1s de poner en pr\u00e1ctica sus competencias t\u00e9cnicas, ambas egresadas tendr\u00e1n la posibilidad de fortalecer su autonom\u00eda, habilidades comunicativas e intervenci\u00f3n directa con poblaci\u00f3n infantil y adolescente.<\/p>\n\n\n\n<p>Tanto Fani como Roc\u00edo coincidieron en que la formaci\u00f3n recibida en la Universidad de Magallanes fue clave para atreverse a tomar este desaf\u00edo. Se\u00f1alaron que la preparaci\u00f3n te\u00f3rica, pr\u00e1ctica y el acompa\u00f1amiento recibido por sus docentes les entreg\u00f3 las herramientas necesarias para ejercer con responsabilidad, \u00e9tica y compromiso social, incluso en un contexto internacional.<\/p>\n\n\n\n<p>La organizaci\u00f3n Nuestros Peque\u00f1os Hermanos cuenta con presencia en nueve pa\u00edses de Am\u00e9rica Latina y el Caribe, y trabaja en favor de la ni\u00f1ez vulnerable a trav\u00e9s de programas de cuidado, educaci\u00f3n y acompa\u00f1amiento integral.<\/p>\n","protected":false},"excerpt":{"rendered":"<p>Tras haber finalizado recientemente sus estudios en la carrera de Terapia Ocupacional y recibido su t\u00edtulo profesional,&nbsp;Fani Haro Vera&nbsp;y&nbsp;Roc\u00edo Barr\u00eda Vera&nbsp;se alistan para iniciar una experiencia internacional como voluntarias en&#8230; <a class=\"read-more\" href=\"https:\/\/www.radiopresidenteibanez.cl\/web\/egresadas-de-terapia-ocupacional-realizaran-voluntariado-en-honduras\/\">Leer m\u00e1s<\/a><\/p>\n","protected":false},"author":2,"featured_media":57406,"comment_status":"closed","ping_status":"closed","sticky":false,"template":"","format":"standard","meta":{"footnotes":""},"categories":[1],"tags":[],"class_list":["post-57405","post","type-post","status-publish","format-standard","has-post-thumbnail","hentry","category-cronica"],"_links":{"self":[{"href":"https:\/\/www.radiopresidenteibanez.cl\/web\/wp-json\/wp\/v2\/posts\/57405","targetHints":{"allow":["GET"]}}],"collection":[{"href":"https:\/\/www.radiopresidenteibanez.cl\/web\/wp-json\/wp\/v2\/posts"}],"about":[{"href":"https:\/\/www.radiopresidenteibanez.cl\/web\/wp-json\/wp\/v2\/types\/post"}],"author":[{"embeddable":true,"href":"https:\/\/www.radiopresidenteibanez.cl\/web\/wp-json\/wp\/v2\/users\/2"}],"replies":[{"embeddable":true,"href":"https:\/\/www.radiopresidenteibanez.cl\/web\/wp-json\/wp\/v2\/comments?post=57405"}],"version-history":[{"count":0,"href":"https:\/\/www.radiopresidenteibanez.cl\/web\/wp-json\/wp\/v2\/posts\/57405\/revisions"}],"wp:featuredmedia":[{"embeddable":true,"href":"https:\/\/www.radiopresidenteibanez.cl\/web\/wp-json\/wp\/v2\/media\/57406"}],"wp:attachment":[{"href":"https:\/\/www.radiopresidenteibanez.cl\/web\/wp-json\/wp\/v2\/media?parent=57405"}],"wp:term":[{"taxonomy":"category","embeddable":true,"href":"https:\/\/www.radiopresidenteibanez.cl\/web\/wp-json\/wp\/v2\/categories?post=57405"},{"taxonomy":"post_tag","embeddable":true,"href":"https:\/\/www.radiopresidenteibanez.cl\/web\/wp-json\/wp\/v2\/tags?post=57405"}],"curies":[{"name":"wp","href":"https:\/\/api.w.org\/{rel}","templated":true}]}}