{"id":57399,"date":"2025-07-03T12:41:00","date_gmt":"2025-07-03T15:41:00","guid":{"rendered":"https:\/\/www.radiopresidenteibanez.cl\/web\/?p=57399"},"modified":"2025-07-03T11:17:16","modified_gmt":"2025-07-03T14:17:16","slug":"premios-regionales-de-cultura-arte-y-patrimonio-abre-convocatoria-2025","status":"publish","type":"post","link":"https:\/\/www.radiopresidenteibanez.cl\/web\/premios-regionales-de-cultura-arte-y-patrimonio-abre-convocatoria-2025\/","title":{"rendered":"Premios regionales de Cultura, Arte y Patrimonio abre convocatoria 2025"},"content":{"rendered":"\n<p>Destacar la trayectoria de cultores del patrimonio cultural inmaterial y<br>organizaciones culturales comunitarias de la regi\u00f3n de Magallanes y de la<br>Ant\u00e1rtica Chilena, es el objetivo de los Premios Regionales de Cultura, Arte y<br>Patrimonio 2025 y cuya convocatoria se encuentra abierta desde este martes 1<br>de julio.<br>Para este reconocimiento, impulsado por la Seremi de las Culturas, a trav\u00e9s del<br>programa Fortalecimiento de la Identidad Cultural Regional (FICR), podr\u00e1n ser<br>propuestas personas naturales vivas mayores de 18 a\u00f1os, que acrediten<br>residencia en la regi\u00f3n de Magallanes y que hayan desarrollado trayectoria<br>vinculada a la memoria, historia, pueblos, territorios, maritorios, creencias,<br>pr\u00e1cticas, saberes, espiritualidad, valores y \/o identidad regional.<br>El certamen, una forma de poner en valor y visibilizar el trabajo de activaci\u00f3n<br>art\u00edstica, cultural y patrimonial que se realiza en la zona austral, considera dos<br>categor\u00edas de postulaci\u00f3n: Cultoras y cultores del patrimonio cultural inmaterial,<br>que reconocer\u00e1 a cuatro personas portadoras de tradici\u00f3n, que cuenten o no con<br>la certificaci\u00f3n del Registro de Patrimonio Cultural en Chile.<br>Mientras que el segundo nivel corresponde a Organizaciones Comunitarias de<br>car\u00e1cter cultural o art\u00edstico. Se distinguir\u00e1 a cuatro entidades de derecho privado<br>sin fines de lucro, con personalidad jur\u00eddica vigente, con un m\u00ednimo de 10 a\u00f1os<br>de trayectoria y que hayan realizado relevantes aportes en producci\u00f3n, difusi\u00f3n,<br>investigaci\u00f3n e iniciativas en la regi\u00f3n de Magallanes, en cualquier g\u00e9nero,<br>disciplina y pr\u00e1ctica sociocultural, con beneficio para la comunidad.<\/p>\n\n\n\n<p>Las y los ganadores recibir\u00e1n un galard\u00f3n y un est\u00edmulo monetario equivalente a<br>$1.500.000 (un mill\u00f3n quinientos mil pesos) y en el caso de las organizaciones<br>comunitarias ser\u00e1 de $2.000.000 (dos millones de pesos).<br>El plazo de postulaci\u00f3n vence el 3 de agosto del 2025. Las bases y formulario<br>para la presentaci\u00f3n de candidatas y candidatos se encuentran disponibles en el<br>sitio la web de la Seremi de las Culturas de la regi\u00f3n de Magallanes<br>(www.cultura.gob.cl\/magallanes)<\/p>\n","protected":false},"excerpt":{"rendered":"<p>Destacar la trayectoria de cultores del patrimonio cultural inmaterial yorganizaciones culturales comunitarias de la regi\u00f3n de Magallanes y de laAnt\u00e1rtica Chilena, es el objetivo de los Premios Regionales de Cultura,&#8230; <a class=\"read-more\" href=\"https:\/\/www.radiopresidenteibanez.cl\/web\/premios-regionales-de-cultura-arte-y-patrimonio-abre-convocatoria-2025\/\">Leer m\u00e1s<\/a><\/p>\n","protected":false},"author":2,"featured_media":57400,"comment_status":"closed","ping_status":"closed","sticky":false,"template":"","format":"standard","meta":{"footnotes":""},"categories":[1],"tags":[],"class_list":["post-57399","post","type-post","status-publish","format-standard","has-post-thumbnail","hentry","category-cronica"],"_links":{"self":[{"href":"https:\/\/www.radiopresidenteibanez.cl\/web\/wp-json\/wp\/v2\/posts\/57399","targetHints":{"allow":["GET"]}}],"collection":[{"href":"https:\/\/www.radiopresidenteibanez.cl\/web\/wp-json\/wp\/v2\/posts"}],"about":[{"href":"https:\/\/www.radiopresidenteibanez.cl\/web\/wp-json\/wp\/v2\/types\/post"}],"author":[{"embeddable":true,"href":"https:\/\/www.radiopresidenteibanez.cl\/web\/wp-json\/wp\/v2\/users\/2"}],"replies":[{"embeddable":true,"href":"https:\/\/www.radiopresidenteibanez.cl\/web\/wp-json\/wp\/v2\/comments?post=57399"}],"version-history":[{"count":0,"href":"https:\/\/www.radiopresidenteibanez.cl\/web\/wp-json\/wp\/v2\/posts\/57399\/revisions"}],"wp:featuredmedia":[{"embeddable":true,"href":"https:\/\/www.radiopresidenteibanez.cl\/web\/wp-json\/wp\/v2\/media\/57400"}],"wp:attachment":[{"href":"https:\/\/www.radiopresidenteibanez.cl\/web\/wp-json\/wp\/v2\/media?parent=57399"}],"wp:term":[{"taxonomy":"category","embeddable":true,"href":"https:\/\/www.radiopresidenteibanez.cl\/web\/wp-json\/wp\/v2\/categories?post=57399"},{"taxonomy":"post_tag","embeddable":true,"href":"https:\/\/www.radiopresidenteibanez.cl\/web\/wp-json\/wp\/v2\/tags?post=57399"}],"curies":[{"name":"wp","href":"https:\/\/api.w.org\/{rel}","templated":true}]}}