{"id":57395,"date":"2025-07-02T20:19:00","date_gmt":"2025-07-02T23:19:00","guid":{"rendered":"https:\/\/www.radiopresidenteibanez.cl\/web\/?p=57395"},"modified":"2025-07-03T10:56:43","modified_gmt":"2025-07-03T13:56:43","slug":"comienza-nuevo-contrato-maritimo-villa-posomby-isla-riesco-para-servicio-de-cruce-mejorado","status":"publish","type":"post","link":"https:\/\/www.radiopresidenteibanez.cl\/web\/comienza-nuevo-contrato-maritimo-villa-posomby-isla-riesco-para-servicio-de-cruce-mejorado\/","title":{"rendered":"Comienza nuevo contrato mar\u00edtimo Villa Posomby-Isla Riesco para servicio de cruce mejorado"},"content":{"rendered":"\n<p>Este 5 de julio se dar\u00e1 inicio a un nuevo contrato que incluye mejores condiciones para el<br>servicio subsidiado mar\u00edtimo del tramo Isla Riesco-Villa Ponsomby. As\u00ed lo dio a conocer el<br>seremi de Transportes y Telecomunicaciones Alejandro Goich Barr\u00eda.<br>El contrato que est\u00e1 pronto a iniciarse, se extiende por 12 meses con posibilidad de<br>pr\u00f3rroga de 6 meses m\u00e1s. Entre las mejoras que se destacan en el presente contrato, est\u00e1<br>el aumento de frecuencias los d\u00edas lunes y mi\u00e9rcoles de 5 a 10 viajes redondos al d\u00eda. Los<br>martes, jueves, viernes y s\u00e1bado de 3 a 6 viajes redondos al d\u00eda y los domingos de 2 a 4<br>viajes redondos por d\u00eda.<br>\u201cAdem\u00e1s, el contrato incorpora viajes de emergencia que corresponden a todos aquellos<br>traslados que se requieran efectuar con car\u00e1cter de urgente, como el traslado de<br>ambulancias con paciente o en busca de ellos, cruce de bomberos, Polic\u00eda de<br>Investigaciones y Carabineros de Chile, siempre que sea en alg\u00fan procedimiento no<br>programado y aquellos que deban realizarse fuera del itinerario normal del servicio\u201d,<br>destac\u00f3 Goich.<br>Junto con ello, este contrato considera otras nuevas condiciones las que fueron peticiones<br>de la comunidad. Entre ellas, la simplificaci\u00f3n de las categor\u00edas de las tarifas. Adem\u00e1s, Se<br>baja la tarifa de viaje especial para residentes de $157.650 a $100.000 y se incorpor\u00f3<br>tarifa para viaje especial de no residente, a $300.000 por sentido. Finalmente, entre otros<br>cambios importantes, los veh\u00edculos institucionales del municipio de R\u00edo Verde pagar\u00e1n<br>tarifa residente, en los horarios los establecidos en itinerario.<br>El seremitt se mostr\u00f3 satisfecho con estas mejoras alcanzadas, debido a que siempre se<br>espera cumplir con las necesidades de la comunidad, aun cuando los recursos son escasos,<br>pero no siempre se puede acceder a todo.<br>\u201cEste tipo de servicios se modelan siempre acorde a las necesidades que la propia<br>comunidad plantea en las reuniones de participaci\u00f3n ciudadana que se realizan en forma<br>peri\u00f3dica por nuestros equipos. Por eso cada vez que se consigue una mejora, se festeja<br>como un logro para el bien de nuestra comunidad de usuarios y usuarias\u201d, se\u00f1al\u00f3 Goich.<\/p>\n","protected":false},"excerpt":{"rendered":"<p>Este 5 de julio se dar\u00e1 inicio a un nuevo contrato que incluye mejores condiciones para elservicio subsidiado mar\u00edtimo del tramo Isla Riesco-Villa Ponsomby. As\u00ed lo dio a conocer elseremi&#8230; <a class=\"read-more\" href=\"https:\/\/www.radiopresidenteibanez.cl\/web\/comienza-nuevo-contrato-maritimo-villa-posomby-isla-riesco-para-servicio-de-cruce-mejorado\/\">Leer m\u00e1s<\/a><\/p>\n","protected":false},"author":2,"featured_media":57396,"comment_status":"closed","ping_status":"closed","sticky":false,"template":"","format":"standard","meta":{"footnotes":""},"categories":[1],"tags":[],"class_list":["post-57395","post","type-post","status-publish","format-standard","has-post-thumbnail","hentry","category-cronica"],"_links":{"self":[{"href":"https:\/\/www.radiopresidenteibanez.cl\/web\/wp-json\/wp\/v2\/posts\/57395","targetHints":{"allow":["GET"]}}],"collection":[{"href":"https:\/\/www.radiopresidenteibanez.cl\/web\/wp-json\/wp\/v2\/posts"}],"about":[{"href":"https:\/\/www.radiopresidenteibanez.cl\/web\/wp-json\/wp\/v2\/types\/post"}],"author":[{"embeddable":true,"href":"https:\/\/www.radiopresidenteibanez.cl\/web\/wp-json\/wp\/v2\/users\/2"}],"replies":[{"embeddable":true,"href":"https:\/\/www.radiopresidenteibanez.cl\/web\/wp-json\/wp\/v2\/comments?post=57395"}],"version-history":[{"count":0,"href":"https:\/\/www.radiopresidenteibanez.cl\/web\/wp-json\/wp\/v2\/posts\/57395\/revisions"}],"wp:featuredmedia":[{"embeddable":true,"href":"https:\/\/www.radiopresidenteibanez.cl\/web\/wp-json\/wp\/v2\/media\/57396"}],"wp:attachment":[{"href":"https:\/\/www.radiopresidenteibanez.cl\/web\/wp-json\/wp\/v2\/media?parent=57395"}],"wp:term":[{"taxonomy":"category","embeddable":true,"href":"https:\/\/www.radiopresidenteibanez.cl\/web\/wp-json\/wp\/v2\/categories?post=57395"},{"taxonomy":"post_tag","embeddable":true,"href":"https:\/\/www.radiopresidenteibanez.cl\/web\/wp-json\/wp\/v2\/tags?post=57395"}],"curies":[{"name":"wp","href":"https:\/\/api.w.org\/{rel}","templated":true}]}}