{"id":57392,"date":"2025-07-03T11:51:00","date_gmt":"2025-07-03T14:51:00","guid":{"rendered":"https:\/\/www.radiopresidenteibanez.cl\/web\/?p=57392"},"modified":"2025-07-03T10:53:16","modified_gmt":"2025-07-03T13:53:16","slug":"cerca-de-12-mil-inspecciones-realizo-la-seremitt-a-traves-de-la-division-de-fiscalizacion-durante-el-primer-semestre","status":"publish","type":"post","link":"https:\/\/www.radiopresidenteibanez.cl\/web\/cerca-de-12-mil-inspecciones-realizo-la-seremitt-a-traves-de-la-division-de-fiscalizacion-durante-el-primer-semestre\/","title":{"rendered":"Cerca de 12 mil inspecciones realiz\u00f3 la seremitt a trav\u00e9s de la Divisi\u00f3n de Fiscalizaci\u00f3n durante el primer semestre"},"content":{"rendered":"\n<p>Un balance de la gesti\u00f3n de la Divisi\u00f3n de Fiscalizaci\u00f3n realiz\u00f3 el secretario regional<br>ministerial de Transportes y Telecomunicaciones Alejandro Goich. En la ocasi\u00f3n dio a<br>conocer que desde enero a junio de este a\u00f1o se han realizado 11.833 controles, cursando<br>1779 partes. Todo, en el marco del Plan Calles protegidas, que busca mejorar la seguridad<br>vial y el comportamiento en las calles a trav\u00e9s de la fiscalizaci\u00f3n.<br>\u201cEl trabajo que a diario realizan los inspectores de la divisi\u00f3n de Fiscalizaci\u00f3n en nuestra<br>regi\u00f3n es indispensable ya que son quienes monitorean el funcionamiento del transporte<br>p\u00fablico y los veh\u00edculos particulares, que los establecimientos relacionados con transporte<br>operen correctamente y que la inversi\u00f3n en servicios subsidiados de transporte se est\u00e9<br>usando adecuadamente\u201d se\u00f1al\u00f3 Goich. Este semestre, lideran las citaciones los veh\u00edculos<br>mal estacionados, revisiones t\u00e9cnicas vencidas, falta de grabado de patentes en vidrios y<br>vidrios que impiden la visibilidad.<br>En cuanto a cifras, 4.486 veh\u00edculos particulares fueron inspeccionados en materia de<br>estacionamiento y documentaci\u00f3n, curs\u00e1ndose 1.023. Le siguen los 2.434 controles a<br>taxicolectivos, quienes recibieron s\u00f3lo 66 infracciones este semestre. En materia de<br>transporte nacional, se ha realizado 1.854 controles curs\u00e1ndose 389 partes. En cuanto al<br>control del servicio subsidiado de buses urbanos, se contabilizan 152 fiscalizaciones hasta<br>junio, cursando 21 partes por no cumplimiento de las normas de circulaci\u00f3n. En materia<br>de informalidad, se ha realizado 53 retiros con la entrega de 94 boletas de citaci\u00f3n.<br>\u201cNuestros inspectores fiscalizan en todas las provincias de la regi\u00f3n todas las formas de<br>transporte de pasajeros, transporte de carga, veh\u00edculos particulares, motocicletas y uso<br>del cintur\u00f3n de seguridad. Tambi\u00e9n fiscalizan el cumplimiento de tarifas subsidiadas,<br>plantas de revisi\u00f3n t\u00e9cnica y gabinetes t\u00e9cnicos municipales\u201d indic\u00f3 el seremitt,<br>comentando que los \u00fanicos aspectos no fiscalizables por las y los funcionarios de esta<br>divisi\u00f3n son velocidad y la presencia de alcohol en la conducci\u00f3n.<br>Agreg\u00f3 que la Ley de Tr\u00e1nsito faculta a los inspectores para detener veh\u00edculos, sin ser<br>necesaria la presencia de carabineros ya que la normativa le entrega dicha atribuci\u00f3n. \u201cY<br>el llamado es a respetar su labor. Hemos tenido casos en que las personas fiscalizadas no<br>reaccionan de la mejor manera y nuestro llamado es a considerar que la labor de<br>fiscalizaci\u00f3n finalmente persigue la seguridad de todos quienes ocupan en distintos modos<br>la v\u00eda p\u00fablica\u201d, puntualiz\u00f3.<\/p>\n","protected":false},"excerpt":{"rendered":"<p>Un balance de la gesti\u00f3n de la Divisi\u00f3n de Fiscalizaci\u00f3n realiz\u00f3 el secretario regionalministerial de Transportes y Telecomunicaciones Alejandro Goich. En la ocasi\u00f3n dio aconocer que desde enero a junio&#8230; <a class=\"read-more\" href=\"https:\/\/www.radiopresidenteibanez.cl\/web\/cerca-de-12-mil-inspecciones-realizo-la-seremitt-a-traves-de-la-division-de-fiscalizacion-durante-el-primer-semestre\/\">Leer m\u00e1s<\/a><\/p>\n","protected":false},"author":2,"featured_media":57393,"comment_status":"closed","ping_status":"closed","sticky":false,"template":"","format":"standard","meta":{"footnotes":""},"categories":[1],"tags":[],"class_list":["post-57392","post","type-post","status-publish","format-standard","has-post-thumbnail","hentry","category-cronica"],"_links":{"self":[{"href":"https:\/\/www.radiopresidenteibanez.cl\/web\/wp-json\/wp\/v2\/posts\/57392","targetHints":{"allow":["GET"]}}],"collection":[{"href":"https:\/\/www.radiopresidenteibanez.cl\/web\/wp-json\/wp\/v2\/posts"}],"about":[{"href":"https:\/\/www.radiopresidenteibanez.cl\/web\/wp-json\/wp\/v2\/types\/post"}],"author":[{"embeddable":true,"href":"https:\/\/www.radiopresidenteibanez.cl\/web\/wp-json\/wp\/v2\/users\/2"}],"replies":[{"embeddable":true,"href":"https:\/\/www.radiopresidenteibanez.cl\/web\/wp-json\/wp\/v2\/comments?post=57392"}],"version-history":[{"count":0,"href":"https:\/\/www.radiopresidenteibanez.cl\/web\/wp-json\/wp\/v2\/posts\/57392\/revisions"}],"wp:featuredmedia":[{"embeddable":true,"href":"https:\/\/www.radiopresidenteibanez.cl\/web\/wp-json\/wp\/v2\/media\/57393"}],"wp:attachment":[{"href":"https:\/\/www.radiopresidenteibanez.cl\/web\/wp-json\/wp\/v2\/media?parent=57392"}],"wp:term":[{"taxonomy":"category","embeddable":true,"href":"https:\/\/www.radiopresidenteibanez.cl\/web\/wp-json\/wp\/v2\/categories?post=57392"},{"taxonomy":"post_tag","embeddable":true,"href":"https:\/\/www.radiopresidenteibanez.cl\/web\/wp-json\/wp\/v2\/tags?post=57392"}],"curies":[{"name":"wp","href":"https:\/\/api.w.org\/{rel}","templated":true}]}}