{"id":57383,"date":"2025-07-03T10:48:00","date_gmt":"2025-07-03T13:48:00","guid":{"rendered":"https:\/\/www.radiopresidenteibanez.cl\/web\/?p=57383"},"modified":"2025-07-03T09:51:06","modified_gmt":"2025-07-03T12:51:06","slug":"diputado-matheson-preocupa-que-un-gobierno-que-se-definio-como-feminista-ha-aumentado-la-brecha-de-desempleo-entre-mujeres-y-hombres","status":"publish","type":"post","link":"https:\/\/www.radiopresidenteibanez.cl\/web\/diputado-matheson-preocupa-que-un-gobierno-que-se-definio-como-feminista-ha-aumentado-la-brecha-de-desempleo-entre-mujeres-y-hombres\/","title":{"rendered":"Diputado Matheson: \u201cPreocupa que un gobierno que se defini\u00f3 como feminista, ha aumentado la brecha de desempleo entre mujeres y hombres\u201d"},"content":{"rendered":"\n<p>Esta semana se dio a conocer la tasa de desocupaci\u00f3n del trimestre m\u00f3vil marzo-mayo, el cual indic\u00f3 que en la Regi\u00f3n de Magallanes, el desempleo alcanz\u00f3 un 6,1%, muy por debajo de la tasa nacional del 8,9%. Sin embargo, el diputado Christian Matheson manifest\u00f3 su preocupaci\u00f3n por la alta tasa de desocupaci\u00f3n en empleo femenino, que en la regi\u00f3n lleg\u00f3 al 8,1%, casi el doble que la desocupaci\u00f3n masculina (4,5%).<\/p>\n\n\n\n<p>Por ello, el legislador acus\u00f3 que la actual administraci\u00f3n, que se \u201cautodenomin\u00f3 feminista, haya hecho poco y nada en mejorar las condiciones de la empleabilidad femenina\u201d.<\/p>\n\n\n\n<p>\u201cHoy enfrentamos la mayor brecha de desocupaci\u00f3n entre hombres y mujeres de los \u00faltimos a\u00f1os: mientras a nivel regional el desempleo masculino es de 4,5%, el femenino se empina al 8,1%, y a nivel nacional al 10,1%, cosa que es realmente preocupante, porque equivale a decenas de magall\u00e1nicas y chilenas sin trabajo, sin oportunidades y sin respuestas concretas por parte del gobierno\u201d, enfatiz\u00f3 Matheson.<\/p>\n\n\n\n<p>Agreg\u00f3 que \u201cesto se torna a\u00fan m\u00e1s grave. Si consideramos que la actual carta presidencial del oficialismo fue ministra del Trabajo por casi cuatro a\u00f1os, sin haber adoptado medidas concretas para fomentar el empleo de las mujeres y se haya enfocado exclusivamente en la Ley de las 40 Horas y querer hacer desaparecer las AFPs\u201d.<\/p>\n\n\n\n<p>Sin ir m\u00e1s lejos, el diputado magall\u00e1nico afirm\u00f3 que \u201cel Gobierno ha fracasado en dinamizar la econom\u00eda, en apoyar a las pymes y en generar condiciones que estimulen la contrataci\u00f3n. La pol\u00edtica econ\u00f3mica del gobierno ha sido una traba, no una soluci\u00f3n y nos estamos acercando al mill\u00f3n de personas desocupadas o sin un empleo formal en el pa\u00eds\u201d.<\/p>\n\n\n\n<p>Por \u00faltimo Matheson manifest\u00f3 que \u201ceste gobierno ha perdido el rumbo en materia laboral, y las mujeres chilenas son las que est\u00e1n pagando el precio m\u00e1s alto\u201d.<\/p>\n","protected":false},"excerpt":{"rendered":"<p>Esta semana se dio a conocer la tasa de desocupaci\u00f3n del trimestre m\u00f3vil marzo-mayo, el cual indic\u00f3 que en la Regi\u00f3n de Magallanes, el desempleo alcanz\u00f3 un 6,1%, muy por&#8230; <a class=\"read-more\" href=\"https:\/\/www.radiopresidenteibanez.cl\/web\/diputado-matheson-preocupa-que-un-gobierno-que-se-definio-como-feminista-ha-aumentado-la-brecha-de-desempleo-entre-mujeres-y-hombres\/\">Leer m\u00e1s<\/a><\/p>\n","protected":false},"author":2,"featured_media":57384,"comment_status":"closed","ping_status":"closed","sticky":false,"template":"","format":"standard","meta":{"footnotes":""},"categories":[1],"tags":[],"class_list":["post-57383","post","type-post","status-publish","format-standard","has-post-thumbnail","hentry","category-cronica"],"_links":{"self":[{"href":"https:\/\/www.radiopresidenteibanez.cl\/web\/wp-json\/wp\/v2\/posts\/57383","targetHints":{"allow":["GET"]}}],"collection":[{"href":"https:\/\/www.radiopresidenteibanez.cl\/web\/wp-json\/wp\/v2\/posts"}],"about":[{"href":"https:\/\/www.radiopresidenteibanez.cl\/web\/wp-json\/wp\/v2\/types\/post"}],"author":[{"embeddable":true,"href":"https:\/\/www.radiopresidenteibanez.cl\/web\/wp-json\/wp\/v2\/users\/2"}],"replies":[{"embeddable":true,"href":"https:\/\/www.radiopresidenteibanez.cl\/web\/wp-json\/wp\/v2\/comments?post=57383"}],"version-history":[{"count":0,"href":"https:\/\/www.radiopresidenteibanez.cl\/web\/wp-json\/wp\/v2\/posts\/57383\/revisions"}],"wp:featuredmedia":[{"embeddable":true,"href":"https:\/\/www.radiopresidenteibanez.cl\/web\/wp-json\/wp\/v2\/media\/57384"}],"wp:attachment":[{"href":"https:\/\/www.radiopresidenteibanez.cl\/web\/wp-json\/wp\/v2\/media?parent=57383"}],"wp:term":[{"taxonomy":"category","embeddable":true,"href":"https:\/\/www.radiopresidenteibanez.cl\/web\/wp-json\/wp\/v2\/categories?post=57383"},{"taxonomy":"post_tag","embeddable":true,"href":"https:\/\/www.radiopresidenteibanez.cl\/web\/wp-json\/wp\/v2\/tags?post=57383"}],"curies":[{"name":"wp","href":"https:\/\/api.w.org\/{rel}","templated":true}]}}