{"id":57377,"date":"2025-07-03T09:29:00","date_gmt":"2025-07-03T12:29:00","guid":{"rendered":"https:\/\/www.radiopresidenteibanez.cl\/web\/?p=57377"},"modified":"2025-07-03T08:23:56","modified_gmt":"2025-07-03T11:23:56","slug":"revista-de-educacion-lanza-edicion-especial-de-gabriela-mistral-por-los-80-anos-del-premio-nobel","status":"publish","type":"post","link":"https:\/\/www.radiopresidenteibanez.cl\/web\/revista-de-educacion-lanza-edicion-especial-de-gabriela-mistral-por-los-80-anos-del-premio-nobel\/","title":{"rendered":"Revista de Educaci\u00f3n\u00a0lanza edici\u00f3n especial de Gabriela Mistral por los 80 a\u00f1os del Premio Nobel"},"content":{"rendered":"\n<p><strong>&nbsp;<\/strong>La&nbsp;<em>Revista de Educaci\u00f3n&nbsp;<\/em>public\u00f3 este martes su nuevo n\u00famero correspondiente a mayo y junio. Esta vez, una Edici\u00f3n Especial sobre Gabriela Mistral, a prop\u00f3sito de la conmemoraci\u00f3n este 2025 de los 80 a\u00f1os del Premio Nobel de Literatura, otorgado a la poeta en 1945.<\/p>\n\n\n\n<p>A trav\u00e9s de distintos art\u00edculos se abordan los aspectos m\u00e1s relevantes en la vida de Gabriela Mistral y las m\u00faltiples facetas que la destacan como una de las figuras latinoamericanas m\u00e1s importantes a nivel mundial. El art\u00edculo que abre esta edici\u00f3n, \u201cLas distintas dimensiones de Gabriela Mistral: Poeta, indigenista, educadora, feminista, m\u00edstica y cr\u00edtica\u201d, por ejemplo, da cuenta, en la voz de expertos y conocedores de su obra, de un camino de resiliencia y creatividad que la lleva a ser reconocida por la Academia Sueca con la m\u00e1xima distinci\u00f3n en las letras.<\/p>\n\n\n\n<p>En esta edici\u00f3n especial se destaca tambi\u00e9n su colaboraci\u00f3n en la reforma educativa en M\u00e9xico, \u201cMaestra misionera que alfabetiz\u00f3 a los ind\u00edgenas mexicanos\u201d, en donde se releva su entrega social y compromiso con la ruralidad&nbsp;de su tiempo. En&nbsp;\u201cAvanzando hacia una Pol\u00edtica Nacional de Educaci\u00f3n en Territorios Rurales\u201d, podemos conocer detalles de la iniciativa del Ministerio de Educaci\u00f3n, que contempla un impacto en m\u00e1s de 3 mil escuelas y que consider\u00f3 un proceso participativo que involucr\u00f3 a docentes, estudiantes y familias emplazadas en estas localidades.<\/p>\n\n\n\n<p>\u201cTanto su obra literaria como su pensamiento pedag\u00f3gico l\u00facido como vanguardista, contin\u00faa siendo fuente de inspiraci\u00f3n y referente universal\u201d, anota sobre Gabriela Mistral en la secci\u00f3n \u201cEditorial\u201d, el ministro de Educaci\u00f3n, Nicol\u00e1s Cataldo, y agrega que \u201cbuscamos honrar la memoria y reconocer la vigencia de la aguda mirada que tuvo sobre el pa\u00eds en general y la educaci\u00f3n en particular, y que hacen que tanto sus reflexiones y an\u00e1lisis, como su poes\u00eda, mantengan su vigencia para orientar el camino hacia la construcci\u00f3n de un s\u00f3lido sistema educativo, que fomente en ni\u00f1os, ni\u00f1as y j\u00f3venes el amor por el aprendizaje, por la naturaleza y la capacidad de hacer crecer un pa\u00eds que nos acoja, del que todos y todas nos sintamos parte\u201d.<\/p>\n\n\n\n<p>En la revista adem\u00e1s se podr\u00e1n encontrar las diversas actividades en homenaje a Gabriela Mistral como la iniciativa \u2018Chile-M\u00e9xico. Territorio de Recados\u2019, que invit\u00f3 a ni\u00f1os, ni\u00f1as y j\u00f3venes de escuelas rurales chilenas y mexicanas a intercambiar y compartir recados sobre sus territorios, a trav\u00e9s de diversos lenguajes art\u00edsticos. La muestra de este intercambio estuvo abierta al p\u00fablico en el Museo de la Educaci\u00f3n Gabriela Mistral en mayo, en el marco de la Semana de la Educaci\u00f3n Art\u00edstica 2025, y es plasmada en la cr\u00f3nica \u201cRecados sobre las estrellas\u201d, t\u00edtulo del&nbsp;<em>collage&nbsp;<\/em>realizado por Eleonora Rodr\u00edguez, alumna de 3\u00b0 medio del Liceo Experimental Art\u00edstico (LEA) de la comuna de Quinta Normal (Regi\u00f3n Metropolitana), que form\u00f3 parte de la exhibici\u00f3n y que es la portada de esta edici\u00f3n N\u00b0413 de la&nbsp;<em>Revista de Educaci\u00f3n<\/em>.<\/p>\n\n\n\n<p>Los dem\u00e1s art\u00edculos como \u201cGabriela Mistral y su legado pedag\u00f3gico en las escuelas\u201d, que releva la voz de las comunidades educativas de los establecimientos en donde estuvo la poeta entre 1907 y 1922; y el que cierra este n\u00famero, \u201cLa aventura de Gabriela Mistral y el Premio Nobel\u201d, relato que entrega detalles de la trastienda de su viaje a Suecia, logran entregar una revisi\u00f3n a la importancia del legado mistraliano en Chile y el mundo.<\/p>\n\n\n\n<p>La conmemoraci\u00f3n de los 80 a\u00f1os del Premio Nobel a Gabriela Mistral se extender\u00e1 hasta el 10 de diciembre, fecha en que la poeta recibi\u00f3 la distinci\u00f3n de la Academia Sueca, convirti\u00e9ndose as\u00ed en la primera persona en Chile y Latinoam\u00e9rica, y una de las 10 primeras mujeres en el mundo en hacerlo.<\/p>\n\n\n\n<p><strong>Revisa la nueva edici\u00f3n de la Revista de Educaci\u00f3n aqu\u00ed:&nbsp;<\/strong><a href=\"https:\/\/www.revistadeeducacion.cl\/wp-content\/uploads\/2025\/07\/Revista-de-Educacion-413-Edicion-Especial-80-anos-Premio-Nobel-Gabriela-Mistral.pdf\" target=\"_blank\" rel=\"noreferrer noopener\">https:\/\/www.revistadeeducacion.cl\/wp-content\/uploads\/2025\/07\/Revista-de-Educacion-413-Edicion-Especial-80-anos-Premio-Nobel-Gabriela-Mistral.pdf<\/a><\/p>\n","protected":false},"excerpt":{"rendered":"<p>&nbsp;La&nbsp;Revista de Educaci\u00f3n&nbsp;public\u00f3 este martes su nuevo n\u00famero correspondiente a mayo y junio. Esta vez, una Edici\u00f3n Especial sobre Gabriela Mistral, a prop\u00f3sito de la conmemoraci\u00f3n este 2025 de los&#8230; <a class=\"read-more\" href=\"https:\/\/www.radiopresidenteibanez.cl\/web\/revista-de-educacion-lanza-edicion-especial-de-gabriela-mistral-por-los-80-anos-del-premio-nobel\/\">Leer m\u00e1s<\/a><\/p>\n","protected":false},"author":2,"featured_media":57379,"comment_status":"closed","ping_status":"closed","sticky":false,"template":"","format":"standard","meta":{"footnotes":""},"categories":[1],"tags":[],"class_list":["post-57377","post","type-post","status-publish","format-standard","has-post-thumbnail","hentry","category-cronica"],"_links":{"self":[{"href":"https:\/\/www.radiopresidenteibanez.cl\/web\/wp-json\/wp\/v2\/posts\/57377","targetHints":{"allow":["GET"]}}],"collection":[{"href":"https:\/\/www.radiopresidenteibanez.cl\/web\/wp-json\/wp\/v2\/posts"}],"about":[{"href":"https:\/\/www.radiopresidenteibanez.cl\/web\/wp-json\/wp\/v2\/types\/post"}],"author":[{"embeddable":true,"href":"https:\/\/www.radiopresidenteibanez.cl\/web\/wp-json\/wp\/v2\/users\/2"}],"replies":[{"embeddable":true,"href":"https:\/\/www.radiopresidenteibanez.cl\/web\/wp-json\/wp\/v2\/comments?post=57377"}],"version-history":[{"count":0,"href":"https:\/\/www.radiopresidenteibanez.cl\/web\/wp-json\/wp\/v2\/posts\/57377\/revisions"}],"wp:featuredmedia":[{"embeddable":true,"href":"https:\/\/www.radiopresidenteibanez.cl\/web\/wp-json\/wp\/v2\/media\/57379"}],"wp:attachment":[{"href":"https:\/\/www.radiopresidenteibanez.cl\/web\/wp-json\/wp\/v2\/media?parent=57377"}],"wp:term":[{"taxonomy":"category","embeddable":true,"href":"https:\/\/www.radiopresidenteibanez.cl\/web\/wp-json\/wp\/v2\/categories?post=57377"},{"taxonomy":"post_tag","embeddable":true,"href":"https:\/\/www.radiopresidenteibanez.cl\/web\/wp-json\/wp\/v2\/tags?post=57377"}],"curies":[{"name":"wp","href":"https:\/\/api.w.org\/{rel}","templated":true}]}}