{"id":57373,"date":"2025-07-03T08:13:49","date_gmt":"2025-07-03T11:13:49","guid":{"rendered":"https:\/\/www.radiopresidenteibanez.cl\/web\/?p=57373"},"modified":"2025-07-03T08:14:17","modified_gmt":"2025-07-03T11:14:17","slug":"sag-magallanes-invita-a-participar-de-la-convocatoria-desafios-publicos-2025","status":"publish","type":"post","link":"https:\/\/www.radiopresidenteibanez.cl\/web\/sag-magallanes-invita-a-participar-de-la-convocatoria-desafios-publicos-2025\/","title":{"rendered":"SAG Magallanes\u00a0invita a participar de la convocatoria\u00a0\u201cDesaf\u00edos P\u00fablicos 2025\u201d"},"content":{"rendered":"\n<p>Para desarrollar soluciones creativas, innovadoras y basadas en ciencia y tecnolog\u00eda que den respuesta a problem\u00e1ticas identificadas por organismos p\u00fablicos del territorio nacional, es que entre el 22 de mayo y hasta el pr\u00f3ximo 09 de julio de 2025 se encuentra abierta la convocatoria \u201cDesaf\u00edos P\u00fablicos 2025\u201d articulada por el Ministerio de Ciencia, Tecnolog\u00eda, Conocimiento e Innovaci\u00f3n, el Laboratorio de Gobierno -dependiente del Ministerio de Hacienda- y la Agencia Nacional de Investigaci\u00f3n y Desarrollo (ANID).<\/p>\n\n\n\n<p>Para el presente a\u00f1o, existen cuatro desaf\u00edos que buscan respuesta a sus problem\u00e1ticas y uno de ellos corresponde al&nbsp;presentado por SAG Magallanes: \u201c<strong>Desarrollo de una soluci\u00f3n tecnol\u00f3gica para el diagn\u00f3stico del piojo masticador del ovino (<em>Bovicola\/Damalinia ovis<\/em>) en zonas australes de Chile\u201d.<\/strong><\/p>\n\n\n\n<p>La problem\u00e1tica planteada por SAG, busca el desarrollo de una soluci\u00f3n tecnol\u00f3gica port\u00e1til, sensible y r\u00e1pida, que permita diagnosticar de forma temprana y eficaz la presencia del piojo masticador del ovino, una plaga de alto impacto sanitario y econ\u00f3mico en la ganader\u00eda ovina, especialmente en la Regi\u00f3n de Magallanes y regiones australes.<\/p>\n\n\n\n<p>Francisco \u00c1lvarez C\u00e1rcamo, director regional (s) de SAG Magallanes, se\u00f1al\u00f3 \u201cel pasado 18 de junio tuvimos un taller (webinar) donde emprendedores, casas de estudio, acad\u00e9micos y personas relacionadas con el \u00e1mbito de investigaci\u00f3n, pudieron plantear sus inquietudes respecto del problema planteado por el Servicio. Fue una jornada provechosa, ya que nos permiti\u00f3 esclarecer inquietudes tanto de la estructura misma del desaf\u00edo, como consultas de car\u00e1cter t\u00e9cnico directamente relacionadas con la soluci\u00f3n tecnol\u00f3gica buscada. Si bien el webinar ya se llev\u00f3 a cabo, todos los detalles del desaf\u00edo SAG est\u00e1n contenidos y detallados en la \u201cGu\u00eda T\u00e9cnica\u201d, que se encuentra disponible en la web de ANID\u201d.<\/p>\n\n\n\n<p>De acuerdo a las bases de postulaci\u00f3n establecidas por ANID, los proponentes deber\u00e1n considerar algunas de las siguientes categor\u00edas:<\/p>\n\n\n\n<ul class=\"wp-block-list\">\n<li>Nuevos o mejorados productos, procesos o servicios, con base en I+D+i, que permitan resolver los Desaf\u00edos P\u00fablicos.<\/li>\n\n\n\n<li>Valorizaci\u00f3n econ\u00f3mica, social o ambiental de la soluci\u00f3n, factibilidad de escalamiento y sostenibilidad del proyecto.<\/li>\n\n\n\n<li>Transferencia tecnol\u00f3gica y negocios: modelos de masificaci\u00f3n y negocios que est\u00e9n relacionados con la adopci\u00f3n y validaci\u00f3n de tecnolog\u00edas por parte del sector p\u00fablico y\/o privado.<\/li>\n<\/ul>\n\n\n\n<p>Cabe se\u00f1alar que la fecha l\u00edmite para presentar propuestas es el mi\u00e9rcoles 9 de julio de 2025, hasta las 17:00 horas de Chile continental, y los resultados ser\u00e1n informados durante el mes de octubre de 2025.<\/p>\n","protected":false},"excerpt":{"rendered":"<p>Para desarrollar soluciones creativas, innovadoras y basadas en ciencia y tecnolog\u00eda que den respuesta a problem\u00e1ticas identificadas por organismos p\u00fablicos del territorio nacional, es que entre el 22 de mayo&#8230; <a class=\"read-more\" href=\"https:\/\/www.radiopresidenteibanez.cl\/web\/sag-magallanes-invita-a-participar-de-la-convocatoria-desafios-publicos-2025\/\">Leer m\u00e1s<\/a><\/p>\n","protected":false},"author":2,"featured_media":57374,"comment_status":"closed","ping_status":"closed","sticky":false,"template":"","format":"standard","meta":{"footnotes":""},"categories":[1],"tags":[],"class_list":["post-57373","post","type-post","status-publish","format-standard","has-post-thumbnail","hentry","category-cronica"],"_links":{"self":[{"href":"https:\/\/www.radiopresidenteibanez.cl\/web\/wp-json\/wp\/v2\/posts\/57373","targetHints":{"allow":["GET"]}}],"collection":[{"href":"https:\/\/www.radiopresidenteibanez.cl\/web\/wp-json\/wp\/v2\/posts"}],"about":[{"href":"https:\/\/www.radiopresidenteibanez.cl\/web\/wp-json\/wp\/v2\/types\/post"}],"author":[{"embeddable":true,"href":"https:\/\/www.radiopresidenteibanez.cl\/web\/wp-json\/wp\/v2\/users\/2"}],"replies":[{"embeddable":true,"href":"https:\/\/www.radiopresidenteibanez.cl\/web\/wp-json\/wp\/v2\/comments?post=57373"}],"version-history":[{"count":0,"href":"https:\/\/www.radiopresidenteibanez.cl\/web\/wp-json\/wp\/v2\/posts\/57373\/revisions"}],"wp:featuredmedia":[{"embeddable":true,"href":"https:\/\/www.radiopresidenteibanez.cl\/web\/wp-json\/wp\/v2\/media\/57374"}],"wp:attachment":[{"href":"https:\/\/www.radiopresidenteibanez.cl\/web\/wp-json\/wp\/v2\/media?parent=57373"}],"wp:term":[{"taxonomy":"category","embeddable":true,"href":"https:\/\/www.radiopresidenteibanez.cl\/web\/wp-json\/wp\/v2\/categories?post=57373"},{"taxonomy":"post_tag","embeddable":true,"href":"https:\/\/www.radiopresidenteibanez.cl\/web\/wp-json\/wp\/v2\/tags?post=57373"}],"curies":[{"name":"wp","href":"https:\/\/api.w.org\/{rel}","templated":true}]}}