{"id":57370,"date":"2025-07-02T18:37:00","date_gmt":"2025-07-02T21:37:00","guid":{"rendered":"https:\/\/www.radiopresidenteibanez.cl\/web\/?p=57370"},"modified":"2025-07-02T14:39:42","modified_gmt":"2025-07-02T17:39:42","slug":"delegacion-presidencial-de-tierra-del-fuego-entrega-vehiculo-para-emergencias-a-bomberos-de-porvenir","status":"publish","type":"post","link":"https:\/\/www.radiopresidenteibanez.cl\/web\/delegacion-presidencial-de-tierra-del-fuego-entrega-vehiculo-para-emergencias-a-bomberos-de-porvenir\/","title":{"rendered":"Delegaci\u00f3n Presidencial de Tierra del fuego entrega veh\u00edculo para emergencias a Bomberos de Porvenir"},"content":{"rendered":"\n<p>En el marco del D\u00eda Nacional del Bombero, se celebr\u00f3 un comodato que entrega una camper equipada para que voluntarios de la Primera Compa\u00f1\u00eda de Bomberos de Porvenir, puedan acudir a las emergencias que ocurran alejadas de los centros urbanos, contando con acceso a servicios b\u00e1sicos, como cocina, ba\u00f1o y espacio para descansar.<\/p>\n\n\n\n<p>La formalizaci\u00f3n de este comodato se realiz\u00f3 entre los bomberos de la comuna y la Delegaci\u00f3n Presidencial Provincial de Tierra del Fuego, apoyo que fue pensando considerando la extensi\u00f3n de la provincia y las experiencias previas de emergencias que han acontecido en terrenos rurales y de dif\u00edcil acceso.<\/p>\n\n\n\n<p>El delegado provincial (s), Claudio San Mart\u00edn, reafirm\u00f3 el compromiso y disposici\u00f3n de la delegaci\u00f3n y del gobierno con la labor que realiza bomberos: \u201cpara nosotros es muy importante colaborar con nuestra compa\u00f1\u00eda de Bomberos, que siempre han servido a la comunidad y han apoyado las emergencias que ocurren no s\u00f3lo en Porvenir, si no, que en toda la provincia\u201d, se\u00f1al\u00f3.<\/p>\n\n\n\n<p>El veh\u00edculo entregado cuenta con un ba\u00f1o, cocina y capacidad para que pernocten cuatro personas y se suma a la nueva dotaci\u00f3n que la Primera Compa\u00f1\u00eda de Bomberos, present\u00f3 el pasado 30 de junio. En esta oportunidad, destac\u00f3 la Unidad M\u00e9dica y la Unidad S1, que les permitir\u00e1 atender emergencias del \u00e1mbito pre-hospitalario junto a un m\u00e9dico, enfermera, kinesi\u00f3logo y t\u00e9cnicos en enfermer\u00eda especializados.<\/p>\n","protected":false},"excerpt":{"rendered":"<p>En el marco del D\u00eda Nacional del Bombero, se celebr\u00f3 un comodato que entrega una camper equipada para que voluntarios de la Primera Compa\u00f1\u00eda de Bomberos de Porvenir, puedan acudir&#8230; <a class=\"read-more\" href=\"https:\/\/www.radiopresidenteibanez.cl\/web\/delegacion-presidencial-de-tierra-del-fuego-entrega-vehiculo-para-emergencias-a-bomberos-de-porvenir\/\">Leer m\u00e1s<\/a><\/p>\n","protected":false},"author":2,"featured_media":57371,"comment_status":"closed","ping_status":"closed","sticky":false,"template":"","format":"standard","meta":{"footnotes":""},"categories":[1],"tags":[],"class_list":["post-57370","post","type-post","status-publish","format-standard","has-post-thumbnail","hentry","category-cronica"],"_links":{"self":[{"href":"https:\/\/www.radiopresidenteibanez.cl\/web\/wp-json\/wp\/v2\/posts\/57370","targetHints":{"allow":["GET"]}}],"collection":[{"href":"https:\/\/www.radiopresidenteibanez.cl\/web\/wp-json\/wp\/v2\/posts"}],"about":[{"href":"https:\/\/www.radiopresidenteibanez.cl\/web\/wp-json\/wp\/v2\/types\/post"}],"author":[{"embeddable":true,"href":"https:\/\/www.radiopresidenteibanez.cl\/web\/wp-json\/wp\/v2\/users\/2"}],"replies":[{"embeddable":true,"href":"https:\/\/www.radiopresidenteibanez.cl\/web\/wp-json\/wp\/v2\/comments?post=57370"}],"version-history":[{"count":0,"href":"https:\/\/www.radiopresidenteibanez.cl\/web\/wp-json\/wp\/v2\/posts\/57370\/revisions"}],"wp:featuredmedia":[{"embeddable":true,"href":"https:\/\/www.radiopresidenteibanez.cl\/web\/wp-json\/wp\/v2\/media\/57371"}],"wp:attachment":[{"href":"https:\/\/www.radiopresidenteibanez.cl\/web\/wp-json\/wp\/v2\/media?parent=57370"}],"wp:term":[{"taxonomy":"category","embeddable":true,"href":"https:\/\/www.radiopresidenteibanez.cl\/web\/wp-json\/wp\/v2\/categories?post=57370"},{"taxonomy":"post_tag","embeddable":true,"href":"https:\/\/www.radiopresidenteibanez.cl\/web\/wp-json\/wp\/v2\/tags?post=57370"}],"curies":[{"name":"wp","href":"https:\/\/api.w.org\/{rel}","templated":true}]}}