{"id":5737,"date":"2019-07-15T18:25:08","date_gmt":"2019-07-15T18:25:08","guid":{"rendered":"http:\/\/www.radiopresidenteibanez.cl\/web\/?p=5737"},"modified":"2019-07-15T18:25:43","modified_gmt":"2019-07-15T18:25:43","slug":"fundacion-municipal-de-deportes-liderara-primera-velada-boxeril-en-punta-arenas","status":"publish","type":"post","link":"https:\/\/www.radiopresidenteibanez.cl\/web\/fundacion-municipal-de-deportes-liderara-primera-velada-boxeril-en-punta-arenas\/","title":{"rendered":"FUNDACI\u00d3N MUNICIPAL DE DEPORTES LIDERAR\u00c1 PRIMERA VELADA BOXERIL EN PUNTA ARENAS"},"content":{"rendered":"\n<p>Siete combates y dos peleas estelares formar\u00e1n parte del\nespect\u00e1culo de la primera Velada Boxeril organizada desde la Fundaci\u00f3n\nMunicipal de Deportes, que se realizar\u00e1 el viernes (26 de julio), a las 20\nhoras, en el Gimnasio de la Confederaci\u00f3n de Punta Arenas.<\/p>\n\n\n\n<p>\u201cEl boxeo vuelve a nuestra ciudad, una tierra de campeones\nde box, pero hace bastantes a\u00f1os que no tenemos peleas profesionales y es por\neso que estamos muy contentos que como Fundaci\u00f3n Municipal de Deportes, podamos\nhacer nuestra Gala de Boxeo como primera actividad formal. Quiero se\u00f1alar que\nesta idea surge del concejal (Germ\u00e1n) Flores, ex boxeador. Y justamente una de\nlas ideas de la fundaci\u00f3n, es poder apoyar todos los deportes que tienen\nseguidores ac\u00e1, pero que no est\u00e1n tan en la palestra\u201d, afirm\u00f3 el alcalde de\nPunta Arenas y presidente de la Fundaci\u00f3n de Deportes, Claudio Radonich.<\/p>\n\n\n\n<p>El evento contar\u00e1 con importantes figuras del boxeo\nprofesional chileno. \u201cMiguel \u2018Aguja\u2019 Gonz\u00e1lez, octavo en el ranking mundial,\ncampe\u00f3n latinoamericano estar\u00e1 enfrentando a un boxeador argentino, y tambi\u00e9n\nestar\u00e1 presente Jos\u00e9 \u2018Pancora\u2019 Vel\u00e1squez, de Chilo\u00e9, tambi\u00e9n campe\u00f3n\nlatinoamericano. As\u00ed que son nombres de real categor\u00eda. Yo quiero agradecer el\nesfuerzo que ha hecho la Unidad de Deportes de la Municipalidad, porque\nrealmente ha hecho un esfuerzo bastante importante para organizar este evento\ndeportivo\u201d, expres\u00f3 el concejal de Punta Arenas y gestor de la iniciativa,\nGerm\u00e1n Flores.<\/p>\n\n\n\n<p>Los valores para participar del evento fluct\u00faan entre $5.000\ny $10.000. \u201cEstamos hablando de boxeadores profesionales, dos campeones\nlatinoamericanos, vienen dos boxeadores de Buenos Aires, tambi\u00e9n profesionales,\ny adem\u00e1s, aprovechar de darle un empuj\u00f3n a nuestros boxeadores de la comuna,\nque van a enfrentarse a argentinos de la provincia de Santa Cruz\u201d, indic\u00f3\nFelipe Yutronich, de la Unidad de Deportes de la Municipalidad.<\/p>\n","protected":false},"excerpt":{"rendered":"<p>Siete combates y dos peleas estelares formar\u00e1n parte del espect\u00e1culo de la primera Velada Boxeril organizada desde la Fundaci\u00f3n Municipal de Deportes, que se realizar\u00e1 el viernes (26 de julio),&#8230; <a class=\"read-more\" href=\"https:\/\/www.radiopresidenteibanez.cl\/web\/fundacion-municipal-de-deportes-liderara-primera-velada-boxeril-en-punta-arenas\/\">Leer m\u00e1s<\/a><\/p>\n","protected":false},"author":2,"featured_media":5738,"comment_status":"closed","ping_status":"closed","sticky":false,"template":"","format":"standard","meta":{"footnotes":""},"categories":[3],"tags":[],"class_list":["post-5737","post","type-post","status-publish","format-standard","has-post-thumbnail","hentry","category-deportes"],"_links":{"self":[{"href":"https:\/\/www.radiopresidenteibanez.cl\/web\/wp-json\/wp\/v2\/posts\/5737","targetHints":{"allow":["GET"]}}],"collection":[{"href":"https:\/\/www.radiopresidenteibanez.cl\/web\/wp-json\/wp\/v2\/posts"}],"about":[{"href":"https:\/\/www.radiopresidenteibanez.cl\/web\/wp-json\/wp\/v2\/types\/post"}],"author":[{"embeddable":true,"href":"https:\/\/www.radiopresidenteibanez.cl\/web\/wp-json\/wp\/v2\/users\/2"}],"replies":[{"embeddable":true,"href":"https:\/\/www.radiopresidenteibanez.cl\/web\/wp-json\/wp\/v2\/comments?post=5737"}],"version-history":[{"count":0,"href":"https:\/\/www.radiopresidenteibanez.cl\/web\/wp-json\/wp\/v2\/posts\/5737\/revisions"}],"wp:featuredmedia":[{"embeddable":true,"href":"https:\/\/www.radiopresidenteibanez.cl\/web\/wp-json\/wp\/v2\/media\/5738"}],"wp:attachment":[{"href":"https:\/\/www.radiopresidenteibanez.cl\/web\/wp-json\/wp\/v2\/media?parent=5737"}],"wp:term":[{"taxonomy":"category","embeddable":true,"href":"https:\/\/www.radiopresidenteibanez.cl\/web\/wp-json\/wp\/v2\/categories?post=5737"},{"taxonomy":"post_tag","embeddable":true,"href":"https:\/\/www.radiopresidenteibanez.cl\/web\/wp-json\/wp\/v2\/tags?post=5737"}],"curies":[{"name":"wp","href":"https:\/\/api.w.org\/{rel}","templated":true}]}}