{"id":57367,"date":"2025-07-02T17:53:00","date_gmt":"2025-07-02T20:53:00","guid":{"rendered":"https:\/\/www.radiopresidenteibanez.cl\/web\/?p=57367"},"modified":"2025-07-02T11:58:12","modified_gmt":"2025-07-02T14:58:12","slug":"senda-extiende-plazo-del-tercer-estudio-de-drogas-en-educacion-superior-estara-disponible-hasta-el-15-de-julio","status":"publish","type":"post","link":"https:\/\/www.radiopresidenteibanez.cl\/web\/senda-extiende-plazo-del-tercer-estudio-de-drogas-en-educacion-superior-estara-disponible-hasta-el-15-de-julio\/","title":{"rendered":"SENDA EXTIENDE PLAZO DEL TERCER ESTUDIO DE DROGAS EN EDUCACI\u00d3N SUPERIOR: ESTAR\u00c1 DISPONIBLE HASTA EL 15 DE JULIO"},"content":{"rendered":"\n<p>Hasta el 15 de julio se extendi\u00f3 el plazo para responder el Tercer Estudio de Drogas en Educaci\u00f3n Superior, impulsado por el Servicio Nacional para la Prevenci\u00f3n y Rehabilitaci\u00f3n del Consumo de Drogas y Alcohol (SENDA).<\/p>\n\n\n\n<p>Con la participaci\u00f3n de m\u00e1s de 60 casas de estudio y m\u00e1s de 200 sedes a lo largo del pa\u00eds, este estudio busca actualizar y ampliar la informaci\u00f3n sobre el consumo de alcohol y otras drogas entre estudiantes de educaci\u00f3n superior, fortaleciendo as\u00ed las estrategias de prevenci\u00f3n y los factores de cuidado dentro de los espacios educativos.<\/p>\n\n\n\n<p>El director regional (s) de SENDA, \u00c1lvaro D\u00edaz Roa, puntualiz\u00f3 que en la regi\u00f3n de Magallanes y Ant\u00e1rtica Chilena son 4 las casas de estudios de educaci\u00f3n superior que han comprometido su partici\u00f3n.<\/p>\n\n\n\n<p>De esta forma, en la regi\u00f3n existe la posibilidad de participaci\u00f3n de m\u00e1s de 7 mil estudiantes, considerando a la Universidad de Magallanes, el Centro de Formaci\u00f3n T\u00e9cnica (CFT), INACAP, Instituto Profesional Santo Tom\u00e1s y CFT Santo Tom\u00e1s.<\/p>\n\n\n\n<p>La encuesta online, que es 100% an\u00f3nima y confidencial, considera preguntas relacionadas no solo con el consumo de sustancias, sino tambi\u00e9n con percepci\u00f3n de riesgo, entre otros, lo que permite comprender el fen\u00f3meno de forma integral.<\/p>\n\n\n\n<p>D\u00edaz destac\u00f3 que cada instituci\u00f3n recibir\u00e1 un informe personalizado con sus propios resultados, para que puedan dise\u00f1ar acciones preventivas internas, programas de apoyo y estrategias de acompa\u00f1amiento ajustadas a sus necesidades. Adem\u00e1s, el an\u00e1lisis permitir\u00e1 orientar la respuesta del Estado y mejorar las pol\u00edticas p\u00fablicas dirigidas a esta poblaci\u00f3n.<\/p>\n\n\n\n<p>Aunque m\u00e1s de 28 mil estudiantes han contestado la encuesta, la directora nacional de SENDA, Natalia Riffo, explic\u00f3 que la extensi\u00f3n del plazo busca asegurar la participaci\u00f3n de un n\u00famero a\u00fan mayor de estudiantes de las distintas casas de estudio a lo largo del pa\u00eds, ampliando la representatividad de los resultados.<\/p>\n\n\n\n<p>\u201cLa encuesta permite conocer los contextos en que los estudiantes consumen alg\u00fan tipo de sustancia, y as\u00ed poder dise\u00f1ar pol\u00edticas de prevenci\u00f3n en conjunto con las m\u00e1s de 60 instituciones de educaci\u00f3n superior que est\u00e1n colaborando\u201d, agreg\u00f3 Riffo.<\/p>\n\n\n\n<p>En el sitio web de SENDA (www.senda.gob.cl) est\u00e1 disponible el listado completo de las casas de estudio que est\u00e1n participando en el estudio.<\/p>\n","protected":false},"excerpt":{"rendered":"<p>Hasta el 15 de julio se extendi\u00f3 el plazo para responder el Tercer Estudio de Drogas en Educaci\u00f3n Superior, impulsado por el Servicio Nacional para la Prevenci\u00f3n y Rehabilitaci\u00f3n del&#8230; <a class=\"read-more\" href=\"https:\/\/www.radiopresidenteibanez.cl\/web\/senda-extiende-plazo-del-tercer-estudio-de-drogas-en-educacion-superior-estara-disponible-hasta-el-15-de-julio\/\">Leer m\u00e1s<\/a><\/p>\n","protected":false},"author":2,"featured_media":57368,"comment_status":"closed","ping_status":"closed","sticky":false,"template":"","format":"standard","meta":{"footnotes":""},"categories":[1],"tags":[],"class_list":["post-57367","post","type-post","status-publish","format-standard","has-post-thumbnail","hentry","category-cronica"],"_links":{"self":[{"href":"https:\/\/www.radiopresidenteibanez.cl\/web\/wp-json\/wp\/v2\/posts\/57367","targetHints":{"allow":["GET"]}}],"collection":[{"href":"https:\/\/www.radiopresidenteibanez.cl\/web\/wp-json\/wp\/v2\/posts"}],"about":[{"href":"https:\/\/www.radiopresidenteibanez.cl\/web\/wp-json\/wp\/v2\/types\/post"}],"author":[{"embeddable":true,"href":"https:\/\/www.radiopresidenteibanez.cl\/web\/wp-json\/wp\/v2\/users\/2"}],"replies":[{"embeddable":true,"href":"https:\/\/www.radiopresidenteibanez.cl\/web\/wp-json\/wp\/v2\/comments?post=57367"}],"version-history":[{"count":0,"href":"https:\/\/www.radiopresidenteibanez.cl\/web\/wp-json\/wp\/v2\/posts\/57367\/revisions"}],"wp:featuredmedia":[{"embeddable":true,"href":"https:\/\/www.radiopresidenteibanez.cl\/web\/wp-json\/wp\/v2\/media\/57368"}],"wp:attachment":[{"href":"https:\/\/www.radiopresidenteibanez.cl\/web\/wp-json\/wp\/v2\/media?parent=57367"}],"wp:term":[{"taxonomy":"category","embeddable":true,"href":"https:\/\/www.radiopresidenteibanez.cl\/web\/wp-json\/wp\/v2\/categories?post=57367"},{"taxonomy":"post_tag","embeddable":true,"href":"https:\/\/www.radiopresidenteibanez.cl\/web\/wp-json\/wp\/v2\/tags?post=57367"}],"curies":[{"name":"wp","href":"https:\/\/api.w.org\/{rel}","templated":true}]}}