{"id":57364,"date":"2025-07-02T16:49:00","date_gmt":"2025-07-02T19:49:00","guid":{"rendered":"https:\/\/www.radiopresidenteibanez.cl\/web\/?p=57364"},"modified":"2025-07-02T11:45:09","modified_gmt":"2025-07-02T14:45:09","slug":"punta-arenas-se-prepara-para-dos-conciertos-gratuitos-de-la-orquesta-sinfonica-juvenil-regional-de-magallanes","status":"publish","type":"post","link":"https:\/\/www.radiopresidenteibanez.cl\/web\/punta-arenas-se-prepara-para-dos-conciertos-gratuitos-de-la-orquesta-sinfonica-juvenil-regional-de-magallanes\/","title":{"rendered":"Punta Arenas se prepara para dos conciertos gratuitos de la Orquesta Sinf\u00f3nica Juvenil Regional de Magallanes"},"content":{"rendered":"\n<p>Un amplio y transversal repertorio es el que est\u00e1n preparando, durante este 2025, los j\u00f3venes m\u00fasicos de la Fundaci\u00f3n de Orquestas Juveniles e Infantiles de Chile (FOJI), en la Regi\u00f3n de Magallanes y Ant\u00e1rtica Chilena.<\/p>\n\n\n\n<p>Este a\u00f1o, el repertorio ser\u00e1 presentado por 39 ni\u00f1as, ni\u00f1os y j\u00f3venes de entre 10 y 19 a\u00f1os de edad, provenientes de Puerto Natales, Puerto Williams y Punta Arenas, quienes han participado de un intenso proceso formativo durante este 2025, a cargo del director de la orquesta, Pedro Aguilera.&nbsp;<\/p>\n\n\n\n<p>\u201cQueremos dejarlos muy cordialmente invitados a este programa, porque vamos a realizar obras de diversos autores, un panorama muy amplio de compositores, que van desde Europa \u2013 Mozart, Kabalevsky-, y compositores norteamericanos y tambi\u00e9n latinoamericanos especialmente de Chile y Argentina\u201d, indic\u00f3 Pedro Aguilera.<\/p>\n\n\n\n<p>La primera presentaci\u00f3n se llevar\u00e1 a cabo el s\u00e1bado 19 de julio a las 20 horas, en el hist\u00f3rico Santuario Mar\u00eda Auxiliadora, ubicado en Avenida Presidente Manuel Bulnes 356. El segundo concierto, que tendr\u00e1 car\u00e1cter de gala, ser\u00e1 el s\u00e1bado 16 de agosto a las 19:30 horas en el Teatro Municipal Jos\u00e9 Bohr, ubicado en calle Hernando de Magallanes 823.&nbsp;<\/p>\n\n\n\n<p>\u201cAgradezco el esfuerzo de cada uno de los becados, quienes asumen con responsabilidad y rigor este desaf\u00edo formativo. Estamos convencidos de que esta experiencia ser\u00e1 profundamente enriquecedora para su desarrollo integral como j\u00f3venes m\u00fasicos, fortaleciendo no s\u00f3lo su crecimiento musical, sino tambi\u00e9n su disciplina, trabajo en equipo y desarrollo personal\u201d, se\u00f1al\u00f3 el compositor y director ejecutivo de FOJI, Pablo Aranda.<\/p>\n\n\n\n<p><strong>Campamento<\/strong><\/p>\n\n\n\n<p>Previo al primer concierto, los j\u00f3venes becados por FOJI participar\u00e1n de un campamento intensivo, que se extender\u00e1 entre el 14 y 18 de julio, iniciativa implementada desde la Fundaci\u00f3n en las regiones extremas del pa\u00eds, que busca profundizar en la formaci\u00f3n de los j\u00f3venes m\u00fasicos a trav\u00e9s de jornadas continuas de trabajo musical y humano.<\/p>\n\n\n\n<p>\u201cEstamos muy contentos de comenzar este nuevo ciclo, que ser\u00e1 especial y diferente, ya que daremos inicio a un modelo educativo que es un campamento intensivo que culminar\u00e1 con un gran concierto. En \u00e9l, nuestros becados y becadas provenientes de diversas comunas de la regi\u00f3n de Magallanes participar\u00e1n en clases te\u00f3ricas, ensayos parciales, seccionales, tutti y actividades psicosociales. Tambi\u00e9n recibir\u00e1n alimentaci\u00f3n y alojamiento para quienes lo requieran\u201d, agreg\u00f3 Pablo Aranda.<\/p>\n\n\n\n<p><strong>FOJI en Magallanes<\/strong><\/p>\n\n\n\n<p>La orquesta nace el a\u00f1o 2010 y es una de las quince agrupaciones sinf\u00f3nicas de j\u00f3venes creadas en cada una de las regiones del pa\u00eds, con motivo de la conmemoraci\u00f3n del Bicentenario de la Rep\u00fablica de Chile.&nbsp;<\/p>\n\n\n\n<p>Desde su creaci\u00f3n, en el a\u00f1o 2010 y hasta el d\u00eda de hoy, la orquesta se ha presentado en escenarios como la Catedral de Punta Arenas, Santuario Mar\u00eda Auxiliadora, Centro de Eventos Dreams, Colegio Mar\u00eda Mazarello de Puerto Natales, Teatro Municipal de Punta Arenas, Liceo Luis Alberto Barrera, Escuela Croacia de Punta Arenas, Escuela Bernardo O\u00b4Higgins, visitando tambi\u00e9n la ciudad de Porvenir, en Tierra del Fuego y en Sala de uso m\u00faltiple de Puerto Williams. La agrupaci\u00f3n ha sido part\u00edcipe de encuentros nacionales de orquestas juveniles e infantiles organizados por FOJI.<\/p>\n\n\n\n<p>La Fundaci\u00f3n Nacional de Orquestas Juveniles e Infantiles de Chile (FOJI) es una instituci\u00f3n sin fines de lucro, que forma parte de la Presidencia de la Rep\u00fablica que, desde su creaci\u00f3n en el a\u00f1o 2001, ha generado espacios y oportunidades de crecimiento integral mediante la m\u00fasica y la conformaci\u00f3n de orquestas, para ni\u00f1os, ni\u00f1as, adolescentes y j\u00f3venes de todo el pa\u00eds.<\/p>\n\n\n\n<p>Su misi\u00f3n es elevar el desarrollo social, cultural y educacional del pa\u00eds brindando oportunidades para que ni\u00f1os, ni\u00f1as, adolescentes y j\u00f3venes de todo Chile mejoren su calidad de vida integrando orquestas.&nbsp;<\/p>\n\n\n\n<p>Ambas presentaciones ser\u00e1n con entrada liberada, por orden de llegada, hasta agotar aforo.<\/p>\n\n\n\n<p><em>FOJI cuenta con financiamiento del Ministerio de las Culturas, las Artes y el Patrimonio.<\/em><\/p>\n","protected":false},"excerpt":{"rendered":"<p>Un amplio y transversal repertorio es el que est\u00e1n preparando, durante este 2025, los j\u00f3venes m\u00fasicos de la Fundaci\u00f3n de Orquestas Juveniles e Infantiles de Chile (FOJI), en la Regi\u00f3n&#8230; <a class=\"read-more\" href=\"https:\/\/www.radiopresidenteibanez.cl\/web\/punta-arenas-se-prepara-para-dos-conciertos-gratuitos-de-la-orquesta-sinfonica-juvenil-regional-de-magallanes\/\">Leer m\u00e1s<\/a><\/p>\n","protected":false},"author":2,"featured_media":57365,"comment_status":"closed","ping_status":"closed","sticky":false,"template":"","format":"standard","meta":{"footnotes":""},"categories":[1],"tags":[],"class_list":["post-57364","post","type-post","status-publish","format-standard","has-post-thumbnail","hentry","category-cronica"],"_links":{"self":[{"href":"https:\/\/www.radiopresidenteibanez.cl\/web\/wp-json\/wp\/v2\/posts\/57364","targetHints":{"allow":["GET"]}}],"collection":[{"href":"https:\/\/www.radiopresidenteibanez.cl\/web\/wp-json\/wp\/v2\/posts"}],"about":[{"href":"https:\/\/www.radiopresidenteibanez.cl\/web\/wp-json\/wp\/v2\/types\/post"}],"author":[{"embeddable":true,"href":"https:\/\/www.radiopresidenteibanez.cl\/web\/wp-json\/wp\/v2\/users\/2"}],"replies":[{"embeddable":true,"href":"https:\/\/www.radiopresidenteibanez.cl\/web\/wp-json\/wp\/v2\/comments?post=57364"}],"version-history":[{"count":0,"href":"https:\/\/www.radiopresidenteibanez.cl\/web\/wp-json\/wp\/v2\/posts\/57364\/revisions"}],"wp:featuredmedia":[{"embeddable":true,"href":"https:\/\/www.radiopresidenteibanez.cl\/web\/wp-json\/wp\/v2\/media\/57365"}],"wp:attachment":[{"href":"https:\/\/www.radiopresidenteibanez.cl\/web\/wp-json\/wp\/v2\/media?parent=57364"}],"wp:term":[{"taxonomy":"category","embeddable":true,"href":"https:\/\/www.radiopresidenteibanez.cl\/web\/wp-json\/wp\/v2\/categories?post=57364"},{"taxonomy":"post_tag","embeddable":true,"href":"https:\/\/www.radiopresidenteibanez.cl\/web\/wp-json\/wp\/v2\/tags?post=57364"}],"curies":[{"name":"wp","href":"https:\/\/api.w.org\/{rel}","templated":true}]}}