{"id":57358,"date":"2025-07-02T12:49:00","date_gmt":"2025-07-02T15:49:00","guid":{"rendered":"https:\/\/www.radiopresidenteibanez.cl\/web\/?p=57358"},"modified":"2025-07-02T11:26:43","modified_gmt":"2025-07-02T14:26:43","slug":"gasco-magallanes-capacita-a-trabajadores-de-salfa-en-normas-preventivas-para-realizacion-de-excavaciones","status":"publish","type":"post","link":"https:\/\/www.radiopresidenteibanez.cl\/web\/gasco-magallanes-capacita-a-trabajadores-de-salfa-en-normas-preventivas-para-realizacion-de-excavaciones\/","title":{"rendered":"GASCO Magallanes capacita a trabajadores de SALFA en normas preventivas para realizaci\u00f3n de excavaciones"},"content":{"rendered":"\n<p>Este martes 1 de julio, en las instalaciones de faena de la Obra Colector Los Flamencos, trabajadores y contratistas de la empresa SALFA participaron de la actualizaci\u00f3n del servicio \u201cLlame Antes de Excavar\u201d que GASCO Magallanes pone a disposici\u00f3n de la comunidad con el prop\u00f3sito de evitar roturas y da\u00f1os a las tuber\u00edas de gas natural producto de la realizaci\u00f3n de movimientos de tierra y excavaciones.<\/p>\n\n\n\n<p>As\u00ed lo destac\u00f3 Miguel \u00c1ngel Concha, Jefe de Terreno de SALFA, se\u00f1alando que \u201cel LLAE uno lo tiene incorporado, antes de empezar cualquier excavaci\u00f3n se tiene que llamar a GASCO para asesorarse con los profesionales, para tratar de tener la menor cantidad de incidentes posibles\u201d.<\/p>\n\n\n\n<p>La exposici\u00f3n estuvo a cargo del Gerente de Operaciones de GASCO Magallanes, Pedro Martin, quien, junto al equipo humano del LLAE, realiza frecuentemente una serie de acciones de difusi\u00f3n que buscan prevenir la ocurrencia de accidentes que pudieran afectar a contratistas y vecinos.<\/p>\n","protected":false},"excerpt":{"rendered":"<p>Este martes 1 de julio, en las instalaciones de faena de la Obra Colector Los Flamencos, trabajadores y contratistas de la empresa SALFA participaron de la actualizaci\u00f3n del servicio \u201cLlame&#8230; <a class=\"read-more\" href=\"https:\/\/www.radiopresidenteibanez.cl\/web\/gasco-magallanes-capacita-a-trabajadores-de-salfa-en-normas-preventivas-para-realizacion-de-excavaciones\/\">Leer m\u00e1s<\/a><\/p>\n","protected":false},"author":2,"featured_media":57359,"comment_status":"closed","ping_status":"closed","sticky":false,"template":"","format":"standard","meta":{"footnotes":""},"categories":[1],"tags":[],"class_list":["post-57358","post","type-post","status-publish","format-standard","has-post-thumbnail","hentry","category-cronica"],"_links":{"self":[{"href":"https:\/\/www.radiopresidenteibanez.cl\/web\/wp-json\/wp\/v2\/posts\/57358","targetHints":{"allow":["GET"]}}],"collection":[{"href":"https:\/\/www.radiopresidenteibanez.cl\/web\/wp-json\/wp\/v2\/posts"}],"about":[{"href":"https:\/\/www.radiopresidenteibanez.cl\/web\/wp-json\/wp\/v2\/types\/post"}],"author":[{"embeddable":true,"href":"https:\/\/www.radiopresidenteibanez.cl\/web\/wp-json\/wp\/v2\/users\/2"}],"replies":[{"embeddable":true,"href":"https:\/\/www.radiopresidenteibanez.cl\/web\/wp-json\/wp\/v2\/comments?post=57358"}],"version-history":[{"count":0,"href":"https:\/\/www.radiopresidenteibanez.cl\/web\/wp-json\/wp\/v2\/posts\/57358\/revisions"}],"wp:featuredmedia":[{"embeddable":true,"href":"https:\/\/www.radiopresidenteibanez.cl\/web\/wp-json\/wp\/v2\/media\/57359"}],"wp:attachment":[{"href":"https:\/\/www.radiopresidenteibanez.cl\/web\/wp-json\/wp\/v2\/media?parent=57358"}],"wp:term":[{"taxonomy":"category","embeddable":true,"href":"https:\/\/www.radiopresidenteibanez.cl\/web\/wp-json\/wp\/v2\/categories?post=57358"},{"taxonomy":"post_tag","embeddable":true,"href":"https:\/\/www.radiopresidenteibanez.cl\/web\/wp-json\/wp\/v2\/tags?post=57358"}],"curies":[{"name":"wp","href":"https:\/\/api.w.org\/{rel}","templated":true}]}}