{"id":57352,"date":"2025-07-02T10:49:00","date_gmt":"2025-07-02T13:49:00","guid":{"rendered":"https:\/\/www.radiopresidenteibanez.cl\/web\/?p=57352"},"modified":"2025-07-02T09:55:31","modified_gmt":"2025-07-02T12:55:31","slug":"rotary-club-punta-arenas-inaugura-nuevo-periodo-reafirmando-su-compromiso-con-el-servicio-comunitario","status":"publish","type":"post","link":"https:\/\/www.radiopresidenteibanez.cl\/web\/rotary-club-punta-arenas-inaugura-nuevo-periodo-reafirmando-su-compromiso-con-el-servicio-comunitario\/","title":{"rendered":"Rotary Club Punta Arenas inaugura nuevo periodo reafirmando su compromiso con el servicio comunitario"},"content":{"rendered":"\n<p>En una ceremonia solemne y significativa, el Rotary Club Punta Arenas \u2014la instituci\u00f3n<br>rotaria m\u00e1s antigua de la regi\u00f3n y de toda la Patagonia\u2014 dio inicio a un nuevo periodo<br>institucional, renovando su compromiso con el servicio a la comunidad, la amistad rotaria y<br>los ideales que han guiado su acci\u00f3n desde su fundaci\u00f3n en 1927.<br>La actividad se llev\u00f3 a cabo en la sede del club y reuni\u00f3 a autoridades rotarias locales y<br>regionales, socios, socias e invitados especiales, en un encuentro que tuvo como momento<br>central la asunci\u00f3n de Nelson C\u00e1rcamo como presidente del club para el periodo 2025-<br>2026, cargo que ejercer\u00e1 por segundo a\u00f1o consecutivo.<br>Lo acompa\u00f1ar\u00e1n en este segundo mandato rotario, el secretario Jorge Alvarez; tesorero,<br>Miguel Sanz; vicepresidente, Eulices Fern\u00e1ndez; facilitador de aprendizaje, Iv\u00e1n Barr\u00eda y<br>macera, Teresa Celed\u00f3n.<br>\u201cSer reelecto es un acto de validaci\u00f3n, pero tambi\u00e9n una gran responsabilidad. Asumo este<br>nuevo periodo con humildad y con la certeza de que solo el trabajo colectivo da frutos<br>duraderos. Este club ha permanecido firme en el tiempo gracias a la voluntad constante de<br>decenas de socios y socias que han dado lo mejor de s\u00ed, a\u00f1o tras a\u00f1o\u201d, expres\u00f3 C\u00e1rcamo<br>durante su intervenci\u00f3n.<br>La ceremonia cont\u00f3 con la presencia del gobernador electo del Distrito 4355, Nelson<br>Z\u00fa\u00f1iga; representantes de los clubes Terke Aonik, Austral, y del Comit\u00e9 de Damas del<br>Rotary Club Punta Arenas, as\u00ed como el exgobernador distrital Roberto Neracher y<br>presidentes rotarios electos de la zona.<br>Uno de los momentos destacados de la jornada fue el reconocimiento al Comit\u00e9 de Damas,<br>cuyo trabajo permanente fue valorado por su aporte fundamental al quehacer del club. \u201cSu<br>sensibilidad y apoyo incondicional han sido, y seguir\u00e1n siendo, una fuente invaluable de<br>energ\u00eda y cohesi\u00f3n para nuestra instituci\u00f3n\u201d, se\u00f1al\u00f3 el presidente reelecto.<br>Bajo el lema rotario internacional \u201cUnidos para hacer el bien\u201d, el nuevo ciclo se proyecta<br>como un periodo de continuidad y fortalecimiento del rol social de Rotary en la regi\u00f3n. \u201cEn<br>tiempos en que el mundo parece fragmentarse por diferencias ideol\u00f3gicas, pol\u00edticas o<br>culturales, Rotary nos recuerda que existe otro camino: el del entendimiento, la cooperaci\u00f3n<br>y la acci\u00f3n solidaria. Nuestra misi\u00f3n es tender puentes y transformar realidades desde lo<br>local\u201d, enfatiz\u00f3 C\u00e1rcamo.<br>Entre las acciones m\u00e1s relevantes desarrolladas en el \u00faltimo a\u00f1o por el Rotary Club Punta<br>Arenas se encuentran la conmemoraci\u00f3n de la Semana de la Ni\u00f1ez junto a establecimientos<br>educacionales de la comuna; la campa\u00f1a de inclusi\u00f3n \u201cPonte en su lugar, no en su sitio\u201d, en<br>alianza con la Municipalidad de Punta Arenas; el apoyo a la Fundaci\u00f3n DKMS en la lucha<br>contra el c\u00e1ncer de sangre; y la adquisici\u00f3n y entrega de camas y sillas cl\u00ednicas gracias al<\/p>\n\n\n\n<p>financiamiento del 8% del FNDR. A esto se suma la permanente incorporaci\u00f3n a campa\u00f1as<br>globales y el impulso a nuevas alianzas sociales.<br>Fundado el 23 de abril de 1927, y con carta constitutiva otorgada el 14 de septiembre de<br>ese mismo a\u00f1o, el Rotary Club Punta Arenas se prepara para conmemorar su centenario<br>como una instituci\u00f3n con profunda raigambre ciudadana y vocaci\u00f3n de servicio. Su legado,<br>forjado por generaciones de rotarios y rotarias, contin\u00faa siendo un referente de compromiso<br>solidario en el extremo sur de Chile.<\/p>\n","protected":false},"excerpt":{"rendered":"<p>En una ceremonia solemne y significativa, el Rotary Club Punta Arenas \u2014la instituci\u00f3nrotaria m\u00e1s antigua de la regi\u00f3n y de toda la Patagonia\u2014 dio inicio a un nuevo periodoinstitucional, renovando&#8230; <a class=\"read-more\" href=\"https:\/\/www.radiopresidenteibanez.cl\/web\/rotary-club-punta-arenas-inaugura-nuevo-periodo-reafirmando-su-compromiso-con-el-servicio-comunitario\/\">Leer m\u00e1s<\/a><\/p>\n","protected":false},"author":2,"featured_media":57353,"comment_status":"closed","ping_status":"closed","sticky":false,"template":"","format":"standard","meta":{"footnotes":""},"categories":[1],"tags":[],"class_list":["post-57352","post","type-post","status-publish","format-standard","has-post-thumbnail","hentry","category-cronica"],"_links":{"self":[{"href":"https:\/\/www.radiopresidenteibanez.cl\/web\/wp-json\/wp\/v2\/posts\/57352","targetHints":{"allow":["GET"]}}],"collection":[{"href":"https:\/\/www.radiopresidenteibanez.cl\/web\/wp-json\/wp\/v2\/posts"}],"about":[{"href":"https:\/\/www.radiopresidenteibanez.cl\/web\/wp-json\/wp\/v2\/types\/post"}],"author":[{"embeddable":true,"href":"https:\/\/www.radiopresidenteibanez.cl\/web\/wp-json\/wp\/v2\/users\/2"}],"replies":[{"embeddable":true,"href":"https:\/\/www.radiopresidenteibanez.cl\/web\/wp-json\/wp\/v2\/comments?post=57352"}],"version-history":[{"count":0,"href":"https:\/\/www.radiopresidenteibanez.cl\/web\/wp-json\/wp\/v2\/posts\/57352\/revisions"}],"wp:featuredmedia":[{"embeddable":true,"href":"https:\/\/www.radiopresidenteibanez.cl\/web\/wp-json\/wp\/v2\/media\/57353"}],"wp:attachment":[{"href":"https:\/\/www.radiopresidenteibanez.cl\/web\/wp-json\/wp\/v2\/media?parent=57352"}],"wp:term":[{"taxonomy":"category","embeddable":true,"href":"https:\/\/www.radiopresidenteibanez.cl\/web\/wp-json\/wp\/v2\/categories?post=57352"},{"taxonomy":"post_tag","embeddable":true,"href":"https:\/\/www.radiopresidenteibanez.cl\/web\/wp-json\/wp\/v2\/tags?post=57352"}],"curies":[{"name":"wp","href":"https:\/\/api.w.org\/{rel}","templated":true}]}}