{"id":57349,"date":"2025-07-02T09:39:00","date_gmt":"2025-07-02T12:39:00","guid":{"rendered":"https:\/\/www.radiopresidenteibanez.cl\/web\/?p=57349"},"modified":"2025-07-02T08:35:45","modified_gmt":"2025-07-02T11:35:45","slug":"subsecretario-de-prevision-social-cierra-el-primer-seminario-de-formacion-previsional-austral","status":"publish","type":"post","link":"https:\/\/www.radiopresidenteibanez.cl\/web\/subsecretario-de-prevision-social-cierra-el-primer-seminario-de-formacion-previsional-austral\/","title":{"rendered":"Subsecretario de Previsi\u00f3n Social cierra el primer \u201cSeminario de Formaci\u00f3n Previsional Austral\u201d"},"content":{"rendered":"\n<p>Durante esta jornada se vivi\u00f3 la ceremonia de certificaci\u00f3n del<br>Primer Seminario de Formaci\u00f3n Previsional Austral. Una iniciativa pionera a nivel pa\u00eds, organizada<br>por el Instituto de Previsi\u00f3n Social (IPS), con apoyo de la subsecretar\u00eda de Previsi\u00f3n Social, de cuyo<br>cierre fue parte el subsecretario Claudio Reyes Barrientos.<br>Una exitosa actividad que cont\u00f3 con la participaci\u00f3n de 47 alumnos inscritos, de los cuales 41<br>lograron la certificaci\u00f3n el d\u00eda de hoy tras cumplir con su asistencia a las tres clases previas.<br>Durante la jornada de certificaci\u00f3n, la directora regional de IPS, Gloria Mar\u00edn -principal<br>coordinadora de esta iniciativa- dio la bienvenida a estos 41 alumnos que asistieron junto a sus<br>familias e invitados, entre ellos, autoridades, representantes de adultos y adultas mayores,<br>estudiantes de trabajo social, dirigentes vecinales y sociales, trabajadores\/as, funcionarios<br>p\u00fablicos, representantes de la academia, entre otros.<br>Junto con la ceremonia de entrega de los respectivos diplomas, tambi\u00e9n se desarroll\u00f3 una charla<br>sobre los principales aspectos de la Reforma de Pensiones, a cargo de la profesional de la Unidad<br>de Educaci\u00f3n Previsional de la subsecretar\u00eda de Previsi\u00f3n Social, Paulina Delgado, instancia que<br>form\u00f3 parte tambi\u00e9n del seminario y de la tarea de las autoridades previsionales.<br>As\u00ed lo manifest\u00f3 el propio subsecretario, quien expuso que \u201cestamos hoy d\u00eda en la Universidad de<br>Magallanes con motivo de la ceremonia de clausura de esta escuela previsional austral en la cual<br>se han formado profesionales en torno a la Reforma Previsional que recientemente aprobada.<br>Todo con la finalidad de conocer los beneficios, los requisitos, la gradualidad de una de las<br>reformas m\u00e1s importantes del sistema de pensiones desde el a\u00f1o 1981\u201d.<br>Adem\u00e1s de la visita del subsecretario a la zona, quien tambi\u00e9n se traslad\u00f3 hasta la comuna de<br>Puerto Natales para conversar sobre la reforma con la comunidad de \u00daltima Esperanza, se sum\u00f3 a<br>este despliegue la subdirectora del Instituto de Previsi\u00f3n Social, Lenia Pizarro, para ser parte de<br>esta certificaci\u00f3n y difusi\u00f3n.<br>\u201cEstamos tremendamente orgullosos de que nos haya correspondido ser parte de este proceso<br>implementador de la reforma de pensiones. A lo largo de todo Chile, hemos preparado a nuestros<br>equipos para recibir, a partir de agosto, las cotizaciones obligatorias de los empleadores. Y<br>estamos trabajando arduamente para responder con excelencia a lo que nuestros usuarios y<br>usuarias requieran\u201d, declar\u00f3 Pizarro.<\/p>\n\n\n\n<p>Al respecto, la Seremi del Trabajo y Previsi\u00f3n Social, Jessica Bengoa, valor\u00f3 la visita de las<br>autoridades nacionales a la zona. \u201cEstamos acompa\u00f1ando esta instancia organizada por el IPS de<br>Magallanes, en el que la reforma fue parte importante y por lo mismo, valoramos la visita de las<br>autoridades. Entendemos que esta reforma es un avance importante para nuestro pa\u00eds. La cartera<br>del Trabajo, junto a diferentes servicios p\u00fablicos de la zona, nos hemos desplegado con la idea de<br>poder informar a la comunidad respecto de este avance que est\u00e1bamos esperando. Por tanto, esta<br>escuela tambi\u00e9n se hace parte de este compromiso de informar a la comunidad sobre esta<br>normativa\u201d.<br>Por su parte, Romina Soto Navarro, estudiante de la carrera de Trabajo Social del Instituto Santo<br>Tom\u00e1s y participantes del seminario de formaci\u00f3n previsional, destac\u00f3 la importancia de aprender<br>sobre previsi\u00f3n, en particular, para su futura labor.<br>\u201cPor supuesto, lo primero, agradecer la oportunidad de formar parte de un proceso tan<br>importante como fue este seminario de educaci\u00f3n previsional, ya que es una herramienta que nos<br>va a ayudar a nosotros como trabajadores sociales para saber c\u00f3mo derivar y c\u00f3mo atender a<br>nuestros adultos mayores que son una parte fundamental de nuestra sociedad\u201d, recalc\u00f3.<br>Durante la tarde, el subsecretario de Previsi\u00f3n Social, junto a las autoridades laborales y<br>previsionales de la regi\u00f3n, participaron de otro encuentro sobre la Reforma de Pensiones, en esta<br>oportunidad, con representantes de los Consejos de la Sociedad Civil de diferentes reparticiones<br>p\u00fablicas, funcionarios de OIRS, trabajadores y dirigentes sociales.<\/p>\n","protected":false},"excerpt":{"rendered":"<p>Durante esta jornada se vivi\u00f3 la ceremonia de certificaci\u00f3n delPrimer Seminario de Formaci\u00f3n Previsional Austral. Una iniciativa pionera a nivel pa\u00eds, organizadapor el Instituto de Previsi\u00f3n Social (IPS), con apoyo&#8230; <a class=\"read-more\" href=\"https:\/\/www.radiopresidenteibanez.cl\/web\/subsecretario-de-prevision-social-cierra-el-primer-seminario-de-formacion-previsional-austral\/\">Leer m\u00e1s<\/a><\/p>\n","protected":false},"author":2,"featured_media":57350,"comment_status":"closed","ping_status":"closed","sticky":false,"template":"","format":"standard","meta":{"footnotes":""},"categories":[1],"tags":[],"class_list":["post-57349","post","type-post","status-publish","format-standard","has-post-thumbnail","hentry","category-cronica"],"_links":{"self":[{"href":"https:\/\/www.radiopresidenteibanez.cl\/web\/wp-json\/wp\/v2\/posts\/57349","targetHints":{"allow":["GET"]}}],"collection":[{"href":"https:\/\/www.radiopresidenteibanez.cl\/web\/wp-json\/wp\/v2\/posts"}],"about":[{"href":"https:\/\/www.radiopresidenteibanez.cl\/web\/wp-json\/wp\/v2\/types\/post"}],"author":[{"embeddable":true,"href":"https:\/\/www.radiopresidenteibanez.cl\/web\/wp-json\/wp\/v2\/users\/2"}],"replies":[{"embeddable":true,"href":"https:\/\/www.radiopresidenteibanez.cl\/web\/wp-json\/wp\/v2\/comments?post=57349"}],"version-history":[{"count":0,"href":"https:\/\/www.radiopresidenteibanez.cl\/web\/wp-json\/wp\/v2\/posts\/57349\/revisions"}],"wp:featuredmedia":[{"embeddable":true,"href":"https:\/\/www.radiopresidenteibanez.cl\/web\/wp-json\/wp\/v2\/media\/57350"}],"wp:attachment":[{"href":"https:\/\/www.radiopresidenteibanez.cl\/web\/wp-json\/wp\/v2\/media?parent=57349"}],"wp:term":[{"taxonomy":"category","embeddable":true,"href":"https:\/\/www.radiopresidenteibanez.cl\/web\/wp-json\/wp\/v2\/categories?post=57349"},{"taxonomy":"post_tag","embeddable":true,"href":"https:\/\/www.radiopresidenteibanez.cl\/web\/wp-json\/wp\/v2\/tags?post=57349"}],"curies":[{"name":"wp","href":"https:\/\/api.w.org\/{rel}","templated":true}]}}