{"id":57346,"date":"2025-07-02T08:49:00","date_gmt":"2025-07-02T11:49:00","guid":{"rendered":"https:\/\/www.radiopresidenteibanez.cl\/web\/?p=57346"},"modified":"2025-07-02T08:17:11","modified_gmt":"2025-07-02T11:17:11","slug":"boletin-informativo-orbe-45","status":"publish","type":"post","link":"https:\/\/www.radiopresidenteibanez.cl\/web\/boletin-informativo-orbe-45\/","title":{"rendered":"BOLETIN INFORMATIVO ORBE"},"content":{"rendered":"\n<p>SANTIAGO.- El ministro de Justicia, Jaime Gajardo, calific\u00f3<br>como \u00abgrave\u00bb la denuncia de la contralora general de la<br>Rep\u00fablica, Dorothy P\u00e9rez, quien, ante la comisi\u00f3n<br>investigadora de la C\u00e1mara Baja, afirm\u00f3 que Gendarmer\u00eda<br>habr\u00eda \u00abeliminado\u00bb nombres en el sumario por uso indebido de<br>licencias m\u00e9dicas. P\u00e9rez dijo, al detectar esta posible<br>irregularidad, decidi\u00f3 asumir directamente la investigaci\u00f3n<br>relacionada con viajes al extranjero de funcionarios con<br>licencia m\u00e9dica.<\/p>\n\n\n\n<p>SANTIAGO.- Al respecto, Gajardo sostuvo que \u00abel subsecretario<br>de Justicia, quien supervigila el funcionamiento de<br>Gendarmer\u00eda, emiti\u00f3 un oficio solicit\u00e1ndole al director<br>nacional de Gendarmer\u00eda que le diera cuenta de los<br>antecedentes\u00bb. \u00abLo que se\u00f1ala la contralora es un hecho grave<br>y tenemos que determinar si se ocultaron antecedentes, y en<br>el caso de que se hayan ocultado, el subsecretario est\u00e1<br>instruido de que tiene que tomar todas las medidas que<br>correspondan\u00bb, afirm\u00f3.<\/p>\n\n\n\n<p>SANTIAGO.- Por su parte, el subsecretario de Justicia,<br>Ernesto Mu\u00f1oz, indic\u00f3 que \u00able dimos 24 horas para que nos<br>respondiera y, de manera preliminar, podemos informar que<br>Gendarmer\u00eda de Chile ya el 25 de junio realiz\u00f3 un sumario<br>administrativo frente a esta omisi\u00f3n\u00bb. \u00abEsto se suma a los<br>155 sumarios que est\u00e1n en curso por responsabilidades<br>administrativas en el caso de las licencias, que justamente<br>fueron el origen, a trav\u00e9s de un oficio fiscalizador de<br>Contralor\u00eda, de estas investigaciones\u00bb.<\/p>\n\n\n\n<p>SANTIAGO.- Adem\u00e1s, dijo que \u00abhay 177 funcionarios que est\u00e1n<br>involucrados en el oficio de Contralor\u00eda para Gendarmer\u00eda, en<br>este caso corresponden a la planta 3 de funcionarios civiles<br>de Gendarmer\u00eda que est\u00e1n siendo investigados\u00bb. Sobre cu\u00e1ntas<br>personas habr\u00edan sido omitidas en el sumario, se\u00f1al\u00f3 que<br>\u00abpreliminarmente ser\u00edan entre 5 o 6, de un total de 155<br>sumarios, por lo que es una omisi\u00f3n que si bien es cierto<br>puede parecer marginal, es a\u00fan grave\u00bb.<\/p>\n\n\n\n<p>SANTIAGO.- La ministra de la Segpres, Macarena Lobos, anunci\u00f3<br>que el Gobierno presentar\u00e1 un proyecto para reforzar a la<br>Contralor\u00eda General de la Rep\u00fablica, CGR, tras revelarse el<br>mal uso de las licencias m\u00e9dicas en el sector p\u00fablico. Si<br>bien, en la C\u00e1mara Baja hay dos proyectos para abordar las<br>solicitudes que hizo la contralora Dorothy P\u00e9rez para<br>reforzar a la instituci\u00f3n, el Ejecutivo afirm\u00f3 que algunas<br>medidas est\u00e1n siendo evaluadas como parte de su agenda de<br>probidad.<\/p>\n\n\n\n<p>SANTIAGO.- Lobos a\u00f1adi\u00f3 que \u00abhay otras propuestas que<br>establece la contralora en su documento que estamos<br>analizando y esperamos ingresar, como lo anunci\u00f3 el ministro<br>Mario Marcel, un proyecto de ley, porque creemos que esta<br>mayor\u00eda de las facultades son iniciativa exclusiva del<br>Presidente, ya que son funciones y atribuciones de los<br>\u00f3rganos del Estado\u00bb. \u00abDesde esa perspectiva, esperamos<br>ingresar un proyecto en conjunto con la Contralor\u00eda en las<br>pr\u00f3ximas semanas\u00bb, adelant\u00f3.<\/p>\n","protected":false},"excerpt":{"rendered":"<p>SANTIAGO.- El ministro de Justicia, Jaime Gajardo, calific\u00f3como \u00abgrave\u00bb la denuncia de la contralora general de laRep\u00fablica, Dorothy P\u00e9rez, quien, ante la comisi\u00f3ninvestigadora de la C\u00e1mara Baja, afirm\u00f3 que Gendarmer\u00edahabr\u00eda&#8230; <a class=\"read-more\" href=\"https:\/\/www.radiopresidenteibanez.cl\/web\/boletin-informativo-orbe-45\/\">Leer m\u00e1s<\/a><\/p>\n","protected":false},"author":2,"featured_media":57347,"comment_status":"closed","ping_status":"closed","sticky":false,"template":"","format":"standard","meta":{"footnotes":""},"categories":[1],"tags":[],"class_list":["post-57346","post","type-post","status-publish","format-standard","has-post-thumbnail","hentry","category-cronica"],"_links":{"self":[{"href":"https:\/\/www.radiopresidenteibanez.cl\/web\/wp-json\/wp\/v2\/posts\/57346","targetHints":{"allow":["GET"]}}],"collection":[{"href":"https:\/\/www.radiopresidenteibanez.cl\/web\/wp-json\/wp\/v2\/posts"}],"about":[{"href":"https:\/\/www.radiopresidenteibanez.cl\/web\/wp-json\/wp\/v2\/types\/post"}],"author":[{"embeddable":true,"href":"https:\/\/www.radiopresidenteibanez.cl\/web\/wp-json\/wp\/v2\/users\/2"}],"replies":[{"embeddable":true,"href":"https:\/\/www.radiopresidenteibanez.cl\/web\/wp-json\/wp\/v2\/comments?post=57346"}],"version-history":[{"count":0,"href":"https:\/\/www.radiopresidenteibanez.cl\/web\/wp-json\/wp\/v2\/posts\/57346\/revisions"}],"wp:featuredmedia":[{"embeddable":true,"href":"https:\/\/www.radiopresidenteibanez.cl\/web\/wp-json\/wp\/v2\/media\/57347"}],"wp:attachment":[{"href":"https:\/\/www.radiopresidenteibanez.cl\/web\/wp-json\/wp\/v2\/media?parent=57346"}],"wp:term":[{"taxonomy":"category","embeddable":true,"href":"https:\/\/www.radiopresidenteibanez.cl\/web\/wp-json\/wp\/v2\/categories?post=57346"},{"taxonomy":"post_tag","embeddable":true,"href":"https:\/\/www.radiopresidenteibanez.cl\/web\/wp-json\/wp\/v2\/tags?post=57346"}],"curies":[{"name":"wp","href":"https:\/\/api.w.org\/{rel}","templated":true}]}}