{"id":57338,"date":"2025-07-01T19:12:00","date_gmt":"2025-07-01T22:12:00","guid":{"rendered":"https:\/\/www.radiopresidenteibanez.cl\/web\/?p=57338"},"modified":"2025-07-01T15:15:08","modified_gmt":"2025-07-01T18:15:08","slug":"edelmag-conocio-plantas-hidroelectricas-y-eolicas-enbrasil","status":"publish","type":"post","link":"https:\/\/www.radiopresidenteibanez.cl\/web\/edelmag-conocio-plantas-hidroelectricas-y-eolicas-enbrasil\/","title":{"rendered":"EDELMAG conoci\u00f3 plantas hidroel\u00e9ctricas y e\u00f3licas enBrasil"},"content":{"rendered":"\n<p>Un equipo de EDELMAG encabezado por el Gerente General, Miguel Castillo, se<br>traslad\u00f3 a Campinas, en el estado de Sao Paulo, Brasil, para conocer los trabajos<br>y las instalaciones de empresas energ\u00e9ticas de la zona.<br>En la instancia, la delegaci\u00f3n visit\u00f3 las plantas hidroel\u00e9ctricas y e\u00f3licas de CPFL<br>Energ\u00eda y CPFL Renov\u00e1veis, donde pudieron conocer in situ sus experiencias en<br>el desarrollo y operaci\u00f3n en torno a las energ\u00edas renovables.<br>\u201cConocimos CPFL, una empresa del grupo State Grid, para estar al tanto de sus<br>experiencias en el desarrollo de los proyectos de generaci\u00f3n renovable, donde<br>poseen una amplia trayectoria, con un proceso estructurado y probado.<br>Esperamos replicar esta experiencia en nuestra metodolog\u00eda de proyectos\u201d se\u00f1al\u00f3<br>Davor Vukasovic, jefe de Desarrollo de Proyectos. &nbsp;<br>Asimismo, Mauricio V\u00e1squez, jefe de Control de Despacho y Generaci\u00f3n, quien<br>tambi\u00e9n particip\u00f3 del viaje, coment\u00f3 que \u201cfue una gran experiencia. Tuvimos la<br>posibilidad de conocer un centro de operaci\u00f3n de grandes dimensiones y<br>tecnolog\u00eda de vanguardia, una central hidroel\u00e9ctrica y un parque e\u00f3lico. Sin duda<br>los conocimientos adquiridos nos permitir\u00e1n afrontar con mejores herramientas el<br>desarrollo de los futuros proyectos de EDELMAG\u201d.<br>El resto de la delegaci\u00f3n estuvo integrada por Jorge Reyes, Gerente de<br>Planificaci\u00f3n y Desarrollo, Ian Alfsen, del equipo de Planificaci\u00f3n y Desarrollo, y<br>Alejandro Ulloa, jefe de Generaci\u00f3n y Mantenci\u00f3n.<\/p>\n","protected":false},"excerpt":{"rendered":"<p>Un equipo de EDELMAG encabezado por el Gerente General, Miguel Castillo, setraslad\u00f3 a Campinas, en el estado de Sao Paulo, Brasil, para conocer los trabajosy las instalaciones de empresas energ\u00e9ticas&#8230; <a class=\"read-more\" href=\"https:\/\/www.radiopresidenteibanez.cl\/web\/edelmag-conocio-plantas-hidroelectricas-y-eolicas-enbrasil\/\">Leer m\u00e1s<\/a><\/p>\n","protected":false},"author":2,"featured_media":57339,"comment_status":"closed","ping_status":"closed","sticky":false,"template":"","format":"standard","meta":{"footnotes":""},"categories":[1],"tags":[],"class_list":["post-57338","post","type-post","status-publish","format-standard","has-post-thumbnail","hentry","category-cronica"],"_links":{"self":[{"href":"https:\/\/www.radiopresidenteibanez.cl\/web\/wp-json\/wp\/v2\/posts\/57338","targetHints":{"allow":["GET"]}}],"collection":[{"href":"https:\/\/www.radiopresidenteibanez.cl\/web\/wp-json\/wp\/v2\/posts"}],"about":[{"href":"https:\/\/www.radiopresidenteibanez.cl\/web\/wp-json\/wp\/v2\/types\/post"}],"author":[{"embeddable":true,"href":"https:\/\/www.radiopresidenteibanez.cl\/web\/wp-json\/wp\/v2\/users\/2"}],"replies":[{"embeddable":true,"href":"https:\/\/www.radiopresidenteibanez.cl\/web\/wp-json\/wp\/v2\/comments?post=57338"}],"version-history":[{"count":0,"href":"https:\/\/www.radiopresidenteibanez.cl\/web\/wp-json\/wp\/v2\/posts\/57338\/revisions"}],"wp:featuredmedia":[{"embeddable":true,"href":"https:\/\/www.radiopresidenteibanez.cl\/web\/wp-json\/wp\/v2\/media\/57339"}],"wp:attachment":[{"href":"https:\/\/www.radiopresidenteibanez.cl\/web\/wp-json\/wp\/v2\/media?parent=57338"}],"wp:term":[{"taxonomy":"category","embeddable":true,"href":"https:\/\/www.radiopresidenteibanez.cl\/web\/wp-json\/wp\/v2\/categories?post=57338"},{"taxonomy":"post_tag","embeddable":true,"href":"https:\/\/www.radiopresidenteibanez.cl\/web\/wp-json\/wp\/v2\/tags?post=57338"}],"curies":[{"name":"wp","href":"https:\/\/api.w.org\/{rel}","templated":true}]}}