{"id":57335,"date":"2025-07-01T17:59:00","date_gmt":"2025-07-01T20:59:00","guid":{"rendered":"https:\/\/www.radiopresidenteibanez.cl\/web\/?p=57335"},"modified":"2025-07-01T15:10:48","modified_gmt":"2025-07-01T18:10:48","slug":"tabsa-ajusta-horarios-para-facilitar-viaje-de-fueguinos-al-carnaval-de-invierno","status":"publish","type":"post","link":"https:\/\/www.radiopresidenteibanez.cl\/web\/tabsa-ajusta-horarios-para-facilitar-viaje-de-fueguinos-al-carnaval-de-invierno\/","title":{"rendered":"TABSA ajusta horarios para facilitar viaje de fueguinos al Carnaval de Invierno"},"content":{"rendered":"\n<p>El pr\u00f3ximo fin de semana se celebra el Carnaval de Invierno en Punta Arenas, una tradicional festividad que congrega a las familias magall\u00e1nicas y a turistas. Con el prop\u00f3sito de facilitar la participaci\u00f3n de los fueguinos en este evento, TABSA dispuso un cambio en los itinerarios del servicio de Porvenir el domingo 6 de julio con un zarpe a las 14.00 horas y regreso a las 22.30 horas.<\/p>\n\n\n\n<p>Los pasajeros que prefieran el servicio de las 14:00 horas desde Porvenir y retorne, el mismo d\u00eda, a las 22:30 horas, podr\u00e1n acceder a una tarifa rebajada de $15.000 por el viaje ida y regreso por pasajero pudiendo ahorra $4.000 por pasajero.<\/p>\n\n\n\n<p>El lunes 7 de julio el ferry realizar\u00e1 dos viajes desde Porvenir zarpando a las 11.00 horas y 20.30 horas y desde Punta Arenas a las 17.30 horas.<\/p>\n","protected":false},"excerpt":{"rendered":"<p>El pr\u00f3ximo fin de semana se celebra el Carnaval de Invierno en Punta Arenas, una tradicional festividad que congrega a las familias magall\u00e1nicas y a turistas. Con el prop\u00f3sito de&#8230; <a class=\"read-more\" href=\"https:\/\/www.radiopresidenteibanez.cl\/web\/tabsa-ajusta-horarios-para-facilitar-viaje-de-fueguinos-al-carnaval-de-invierno\/\">Leer m\u00e1s<\/a><\/p>\n","protected":false},"author":2,"featured_media":57336,"comment_status":"closed","ping_status":"closed","sticky":false,"template":"","format":"standard","meta":{"footnotes":""},"categories":[1],"tags":[],"class_list":["post-57335","post","type-post","status-publish","format-standard","has-post-thumbnail","hentry","category-cronica"],"_links":{"self":[{"href":"https:\/\/www.radiopresidenteibanez.cl\/web\/wp-json\/wp\/v2\/posts\/57335","targetHints":{"allow":["GET"]}}],"collection":[{"href":"https:\/\/www.radiopresidenteibanez.cl\/web\/wp-json\/wp\/v2\/posts"}],"about":[{"href":"https:\/\/www.radiopresidenteibanez.cl\/web\/wp-json\/wp\/v2\/types\/post"}],"author":[{"embeddable":true,"href":"https:\/\/www.radiopresidenteibanez.cl\/web\/wp-json\/wp\/v2\/users\/2"}],"replies":[{"embeddable":true,"href":"https:\/\/www.radiopresidenteibanez.cl\/web\/wp-json\/wp\/v2\/comments?post=57335"}],"version-history":[{"count":0,"href":"https:\/\/www.radiopresidenteibanez.cl\/web\/wp-json\/wp\/v2\/posts\/57335\/revisions"}],"wp:featuredmedia":[{"embeddable":true,"href":"https:\/\/www.radiopresidenteibanez.cl\/web\/wp-json\/wp\/v2\/media\/57336"}],"wp:attachment":[{"href":"https:\/\/www.radiopresidenteibanez.cl\/web\/wp-json\/wp\/v2\/media?parent=57335"}],"wp:term":[{"taxonomy":"category","embeddable":true,"href":"https:\/\/www.radiopresidenteibanez.cl\/web\/wp-json\/wp\/v2\/categories?post=57335"},{"taxonomy":"post_tag","embeddable":true,"href":"https:\/\/www.radiopresidenteibanez.cl\/web\/wp-json\/wp\/v2\/tags?post=57335"}],"curies":[{"name":"wp","href":"https:\/\/api.w.org\/{rel}","templated":true}]}}