{"id":57332,"date":"2025-07-01T16:49:00","date_gmt":"2025-07-01T19:49:00","guid":{"rendered":"https:\/\/www.radiopresidenteibanez.cl\/web\/?p=57332"},"modified":"2025-07-01T15:06:17","modified_gmt":"2025-07-01T18:06:17","slug":"delegacion-presidencial-de-ultima-esperanza-realiza-jornada-de-capacitacion-sobre-proteccion-de-derechos-de-la-ninez-y-adolescencia","status":"publish","type":"post","link":"https:\/\/www.radiopresidenteibanez.cl\/web\/delegacion-presidencial-de-ultima-esperanza-realiza-jornada-de-capacitacion-sobre-proteccion-de-derechos-de-la-ninez-y-adolescencia\/","title":{"rendered":"DELEGACION PRESIDENCIAL DE \u00daLTIMA ESPERANZA REALIZA JORNADA DE CAPACITACI\u00d3N SOBRE PROTECCI\u00d3N DE DERECHOS DE LA NI\u00d1EZ Y ADOLESCENCIA"},"content":{"rendered":"\n<p>Con un enfoque preventivo y formativo, la Delegaci\u00f3n Presidencial Provincial de \u00daltima Esperanza realiz\u00f3 el pasado viernes una nueva jornada de Gobierno en Terreno, desarrollando un di\u00e1logo participativo enfocado en la protecci\u00f3n de los derechos de ni\u00f1as, ni\u00f1os y adolescentes, dirigido a funcionarias y funcionarios de diversos servicios p\u00fablicos de la provincia.<\/p>\n\n\n\n<p>La actividad se llev\u00f3 a cabo en el sal\u00f3n de sesiones de la Delegaci\u00f3n y fue encabezada por la coordinadora regional de la Defensor\u00eda de la Ni\u00f1ez, Viviana Baz\u00e1n C\u00e1rcamo, quien expuso los principales aspectos de la Ley N\u00b021.430, que establece el nuevo sistema de garant\u00edas y protecci\u00f3n integral a la infancia y adolescencia en Chile.<\/p>\n\n\n\n<p>\u201cEsta capacitaci\u00f3n tiene como prop\u00f3sito que las y los funcionarios p\u00fablicos incorporen en su gesti\u00f3n los principios y el nuevo cat\u00e1logo de derechos establecidos por la Ley 21.430, bajo un enfoque de derechos humanos, conforme a la Convenci\u00f3n Internacional sobre los Derechos del Ni\u00f1o y la Constituci\u00f3n. La idea es que este enfoque no quede solo en el discurso, sino que sea aplicado en el trabajo diario en todos los espacios del Estado\u201d, explic\u00f3 Viviana Baz\u00e1n.<\/p>\n\n\n\n<p>El delegado presidencial provincial, Guillermo Ruiz Santana, valor\u00f3 la instancia, destacando el rol transformador que deben asumir quienes trabajan en el sector p\u00fablico. \u201cHa sido una tarde muy productiva. Esta capacitaci\u00f3n dictada por la Defensor\u00eda de la Ni\u00f1ez nos recuerda que todas y todos quienes ejercemos funciones p\u00fablicas, sin importar si trabajamos directamente con infancia, tenemos una enorme responsabilidad. Debemos ser agentes de cambio, estar atentos a situaciones de riesgo y contribuir activamente a una cultura de protecci\u00f3n de derechos. Agradezco el compromiso de los servicios p\u00fablicos que participaron hoy en la Delegaci\u00f3n\u201d.<\/p>\n\n\n\n<p>Durante la jornada, participaron equipos de diversos servicios del territorio y programas que son ejecutados desde la propia Delegaci\u00f3n, como el Centro Diurno Comunitario, Gobierno en Terreno y otros organismos asociados.<\/p>\n\n\n\n<p>La jefa (s) provincial del Servicio Agr\u00edcola y Ganadero (SAG), Carolina Alejandra Arroyo, destac\u00f3 el valor transversal del enfoque de derechos. \u201cAunque esta tem\u00e1tica no est\u00e9 directamente en nuestras competencias, todos somos parte de una sociedad donde muchos somos madres, padres, incluso abuelos. Es clave generar conciencia sobre la realidad que viven ni\u00f1as, ni\u00f1os y adolescentes hoy, especialmente frente a los riesgos asociados al uso de redes sociales. Como adultos, debemos estar atentos, asumir nuestro rol y actuar cuando sea necesario\u201d.<\/p>\n\n\n\n<p>Por su parte, el coordinador del Centro Diurno Comunitario, Nicol\u00e1s P\u00e9rez, valor\u00f3 la actualizaci\u00f3n del enfoque estatal en materia de derechos. \u201cEsta capacitaci\u00f3n nos ayuda a entender c\u00f3mo ha evolucionado la mirada del Estado hacia la ni\u00f1ez. Aunque trabajamos con personas mayores, este enfoque es totalmente aplicable. Como funcionarios p\u00fablicos tenemos el deber de detectar, prevenir y proteger. Todos y todas somos garantes de derechos, desde cada uno de nuestros espacios\u201d.<\/p>\n\n\n\n<p>Con este tipo de jornadas, la Delegaci\u00f3n refuerza su compromiso con la formaci\u00f3n continua de los equipos p\u00fablicos y el fortalecimiento de una gesti\u00f3n territorial centrada en los derechos de las personas, especialmente de quienes requieren mayor protecci\u00f3n.<\/p>\n","protected":false},"excerpt":{"rendered":"<p>Con un enfoque preventivo y formativo, la Delegaci\u00f3n Presidencial Provincial de \u00daltima Esperanza realiz\u00f3 el pasado viernes una nueva jornada de Gobierno en Terreno, desarrollando un di\u00e1logo participativo enfocado en&#8230; <a class=\"read-more\" href=\"https:\/\/www.radiopresidenteibanez.cl\/web\/delegacion-presidencial-de-ultima-esperanza-realiza-jornada-de-capacitacion-sobre-proteccion-de-derechos-de-la-ninez-y-adolescencia\/\">Leer m\u00e1s<\/a><\/p>\n","protected":false},"author":2,"featured_media":57333,"comment_status":"closed","ping_status":"closed","sticky":false,"template":"","format":"standard","meta":{"footnotes":""},"categories":[1],"tags":[],"class_list":["post-57332","post","type-post","status-publish","format-standard","has-post-thumbnail","hentry","category-cronica"],"_links":{"self":[{"href":"https:\/\/www.radiopresidenteibanez.cl\/web\/wp-json\/wp\/v2\/posts\/57332","targetHints":{"allow":["GET"]}}],"collection":[{"href":"https:\/\/www.radiopresidenteibanez.cl\/web\/wp-json\/wp\/v2\/posts"}],"about":[{"href":"https:\/\/www.radiopresidenteibanez.cl\/web\/wp-json\/wp\/v2\/types\/post"}],"author":[{"embeddable":true,"href":"https:\/\/www.radiopresidenteibanez.cl\/web\/wp-json\/wp\/v2\/users\/2"}],"replies":[{"embeddable":true,"href":"https:\/\/www.radiopresidenteibanez.cl\/web\/wp-json\/wp\/v2\/comments?post=57332"}],"version-history":[{"count":0,"href":"https:\/\/www.radiopresidenteibanez.cl\/web\/wp-json\/wp\/v2\/posts\/57332\/revisions"}],"wp:featuredmedia":[{"embeddable":true,"href":"https:\/\/www.radiopresidenteibanez.cl\/web\/wp-json\/wp\/v2\/media\/57333"}],"wp:attachment":[{"href":"https:\/\/www.radiopresidenteibanez.cl\/web\/wp-json\/wp\/v2\/media?parent=57332"}],"wp:term":[{"taxonomy":"category","embeddable":true,"href":"https:\/\/www.radiopresidenteibanez.cl\/web\/wp-json\/wp\/v2\/categories?post=57332"},{"taxonomy":"post_tag","embeddable":true,"href":"https:\/\/www.radiopresidenteibanez.cl\/web\/wp-json\/wp\/v2\/tags?post=57332"}],"curies":[{"name":"wp","href":"https:\/\/api.w.org\/{rel}","templated":true}]}}