{"id":5733,"date":"2019-07-15T15:14:13","date_gmt":"2019-07-15T15:14:13","guid":{"rendered":"http:\/\/www.radiopresidenteibanez.cl\/web\/?p=5733"},"modified":"2019-07-15T15:14:30","modified_gmt":"2019-07-15T15:14:30","slug":"radio-presidente-ibanez-estara-desde-el-centro-cultural-transmitiendo-lo-que-sera-el-pre-festival-en-la-patagonia","status":"publish","type":"post","link":"https:\/\/www.radiopresidenteibanez.cl\/web\/radio-presidente-ibanez-estara-desde-el-centro-cultural-transmitiendo-lo-que-sera-el-pre-festival-en-la-patagonia\/","title":{"rendered":"RADIO PRESIDENTE IB\u00c1\u00d1EZ ESTAR\u00c1 DESDE EL CENTRO CULTURAL TRANSMITIENDO LO QUE SER\u00c1 EL PRE FESTIVAL EN LA PATAGONIA"},"content":{"rendered":"\n<p>Este lunes 15 se vivir\u00e1 una nueva versi\u00f3n del Pre \u2013 Festival\nde la Patagonia, la cual ser\u00e1 transmitida a trav\u00e9s de las distintas se\u00f1ales de\nRadio Presidente Ib\u00e1\u00f1ez, realizaremos la previa desde las 17 horas con Cristofer\nHern\u00e1ndez y la transmisi\u00f3n oficial desde las 19:00 horas con la conducci\u00f3n y\ncomentarios de Esteban \u201cChepo\u201d Sep\u00falveda, Miguel Angol \u201cCentella\u201d Alvarado y\nMaximiliano Grez desde el Centro Cultural de Punta Arenas.<\/p>\n\n\n\n<p>88.5 Fm Punta Arenas \u2013 Porvenir<\/p>\n\n\n\n<p><a href=\"http:\/\/www.radiopresidenteibanez.cl\">www.radiopresidenteibanez.cl<\/a><\/p>\n\n\n\n<p>Facebook Live<\/p>\n\n\n\n<p>Canal 34 Tv Red Digital<\/p>\n","protected":false},"excerpt":{"rendered":"<p>Este lunes 15 se vivir\u00e1 una nueva versi\u00f3n del Pre \u2013 Festival de la Patagonia, la cual ser\u00e1 transmitida a trav\u00e9s de las distintas se\u00f1ales de Radio Presidente Ib\u00e1\u00f1ez, realizaremos&#8230; <a class=\"read-more\" href=\"https:\/\/www.radiopresidenteibanez.cl\/web\/radio-presidente-ibanez-estara-desde-el-centro-cultural-transmitiendo-lo-que-sera-el-pre-festival-en-la-patagonia\/\">Leer m\u00e1s<\/a><\/p>\n","protected":false},"author":2,"featured_media":5734,"comment_status":"closed","ping_status":"closed","sticky":false,"template":"","format":"standard","meta":{"footnotes":""},"categories":[4],"tags":[],"class_list":["post-5733","post","type-post","status-publish","format-standard","has-post-thumbnail","hentry","category-entretenimiento-y-cultura"],"_links":{"self":[{"href":"https:\/\/www.radiopresidenteibanez.cl\/web\/wp-json\/wp\/v2\/posts\/5733","targetHints":{"allow":["GET"]}}],"collection":[{"href":"https:\/\/www.radiopresidenteibanez.cl\/web\/wp-json\/wp\/v2\/posts"}],"about":[{"href":"https:\/\/www.radiopresidenteibanez.cl\/web\/wp-json\/wp\/v2\/types\/post"}],"author":[{"embeddable":true,"href":"https:\/\/www.radiopresidenteibanez.cl\/web\/wp-json\/wp\/v2\/users\/2"}],"replies":[{"embeddable":true,"href":"https:\/\/www.radiopresidenteibanez.cl\/web\/wp-json\/wp\/v2\/comments?post=5733"}],"version-history":[{"count":0,"href":"https:\/\/www.radiopresidenteibanez.cl\/web\/wp-json\/wp\/v2\/posts\/5733\/revisions"}],"wp:featuredmedia":[{"embeddable":true,"href":"https:\/\/www.radiopresidenteibanez.cl\/web\/wp-json\/wp\/v2\/media\/5734"}],"wp:attachment":[{"href":"https:\/\/www.radiopresidenteibanez.cl\/web\/wp-json\/wp\/v2\/media?parent=5733"}],"wp:term":[{"taxonomy":"category","embeddable":true,"href":"https:\/\/www.radiopresidenteibanez.cl\/web\/wp-json\/wp\/v2\/categories?post=5733"},{"taxonomy":"post_tag","embeddable":true,"href":"https:\/\/www.radiopresidenteibanez.cl\/web\/wp-json\/wp\/v2\/tags?post=5733"}],"curies":[{"name":"wp","href":"https:\/\/api.w.org\/{rel}","templated":true}]}}