{"id":57326,"date":"2025-07-01T14:07:00","date_gmt":"2025-07-01T17:07:00","guid":{"rendered":"https:\/\/www.radiopresidenteibanez.cl\/web\/?p=57326"},"modified":"2025-07-01T11:22:34","modified_gmt":"2025-07-01T14:22:34","slug":"seremi-del-trabajo-destaca-nuevo-descenso-de-la-tasa-de-desempleo","status":"publish","type":"post","link":"https:\/\/www.radiopresidenteibanez.cl\/web\/seremi-del-trabajo-destaca-nuevo-descenso-de-la-tasa-de-desempleo\/","title":{"rendered":"Seremi del Trabajo destaca nuevo descenso de la tasa de desempleo"},"content":{"rendered":"\n<p>Tras publicarse un nuevo informe de empleo, emitido por el Instituto Nacional de Estad\u00edsticas (INE), la Seremi del Trabajo, Jessica Bengoa Mayorga, destac\u00f3 el nuevo retroceso de la tasa de desocupaci\u00f3n correspondiente a los meses de marzo, abril y mayo de este a\u00f1o, que disminuy\u00f3 en un punto porcentual, pasando de un 7,1% a un 6,1%.<br>De acuerdo con el bolet\u00edn, la fuerza de trabajo de Magallanes se situ\u00f3 en 104 mil personas, con un<br>incremento de 1,6% y, por su parte, las personas ocupadas bordean las 98 mil, aumentando estas<br>\u00faltimas en un 2,7% con respecto al mismo per\u00edodo del a\u00f1o anterior.<br>En palabras de la autoridad laboral, \u201chemos recibido las cifras de empleo del \u00faltimo levantamiento<br>realizado por el INE y los datos se\u00f1alan que, nuevamente, al igual que el trimestre anterior,<br>durante este per\u00edodo la tasa de desempleo sufri\u00f3 un retroceso. Eso significa que, en comparaci\u00f3n<br>con el a\u00f1o pasado, hay menos personas desocupadas y ello, sin duda, es una buena noticia. Al<br>mismo tiempo, es importante se\u00f1alar que esta tasa se sit\u00faa en 2,8 puntos porcentuales por debajo<br>de la tasa nacional de desocupaci\u00f3n, siendo la segunda regi\u00f3n con el desempleo m\u00e1s bajo del<br>pa\u00eds\u201d.<br>Al desagregar los datos por sexo, la tasa de desocupaci\u00f3n regional presenta una brecha de 3,6<br>puntos porcentuales con una tasa de desocupaci\u00f3n de un 4,5% para hombres y de 8,1% para las<br>mujeres.<br>\u201cLa comparaci\u00f3n entre hombres y mujeres es relevante para nosotros, ya que nos permite mirar<br>c\u00f3mo var\u00eda el desempleo y la brecha de ocupaci\u00f3n entre ambos sexos. En lo que respecta a este<br>per\u00edodo, es importante reforzar las medidas que permitan acortar y cerrar esta diferencia de 3,6<br>puntos, impulsando con m\u00e1s fuerza la incorporaci\u00f3n de mujeres a puestos de trabajo formales y<br>con seguridad social, que es lo que m\u00e1s nos interesa\u201d, agreg\u00f3 Bengoa.<br>\u201cAl mismo tiempo, creo importante valorar tambi\u00e9n el ingreso de m\u00e1s de 2.500 personas al grupo<br>de ocupados durante este \u00faltimo a\u00f1o, seg\u00fan el mismo informe y el an\u00e1lisis realizado por el<br>Observatorio Laboral, que indic\u00f3 que el aumento de las personas ocupadas fue incidido por un<br>incremento tanto de hombres como mujeres, en un 3,6% y un 1,4%, respectivamente, lo que<br>indica que ambos aumentaron la cantidad de trabajadores para este periodo\u201d, se\u00f1al\u00f3 la seremi.<br>La tasa de ocupaci\u00f3n regional para el presente trimestre m\u00f3vil es de 63,8%, situ\u00e1ndose 7,2 puntos<br>porcentuales (p.p.) por sobre la tasa nacional (56,6%), siendo, adem\u00e1s, la segunda tasa m\u00e1s alta a<br>nivel pa\u00eds. La tasa de ocupaci\u00f3n para las mujeres corresponde a 54,8% y para los hombres un<\/p>\n\n\n\n<p>72,5%, con una brecha de -17,7 p.p. Con respecto al mismo trimestre m\u00f3vil del a\u00f1o anterior, los<br>hombres presentan un aumento de 1,9 p.p., y las mujeres aumentan en 0,2 puntos porcentuales,<br>seg\u00fan reporta el informe del Observatorio con datos del bolet\u00edn de empleo.<br>Al mismo tiempo, la tasa de participaci\u00f3n laboral regional registrada fue de 67,9%, aumentando<br>0,4 p.p. en doce meses. Es la segunda tasa m\u00e1s alta a nivel pa\u00eds, y se sit\u00faa 5,7 p.p. por sobre la tasa<br>nacional (62,2%). En cuanto a la diferenciaci\u00f3n por sexo, la tasa de participaci\u00f3n femenina<br>corresponde a un 59,7% y la masculina anota un 75,9%, equivalente a una brecha de -16,2 p.p,<br>se\u00f1ala el informe del Observatorio.<br>\u201cSe\u00f1alar que esta brecha, en su momento, super\u00f3 los 20 puntos y se ha reducido a una diferencia<br>de 16 puntos durante estos \u00faltimos tres a\u00f1os, lo que nos deja todav\u00eda un desaf\u00edo bastante<br>importante, pero con un avance paulatino que se ha logrado en la empleabilidad de las mujeres\u201d,<br>concluy\u00f3 la autoridad.<\/p>\n","protected":false},"excerpt":{"rendered":"<p>Tras publicarse un nuevo informe de empleo, emitido por el Instituto Nacional de Estad\u00edsticas (INE), la Seremi del Trabajo, Jessica Bengoa Mayorga, destac\u00f3 el nuevo retroceso de la tasa de&#8230; <a class=\"read-more\" href=\"https:\/\/www.radiopresidenteibanez.cl\/web\/seremi-del-trabajo-destaca-nuevo-descenso-de-la-tasa-de-desempleo\/\">Leer m\u00e1s<\/a><\/p>\n","protected":false},"author":2,"featured_media":57327,"comment_status":"closed","ping_status":"closed","sticky":false,"template":"","format":"standard","meta":{"footnotes":""},"categories":[1],"tags":[],"class_list":["post-57326","post","type-post","status-publish","format-standard","has-post-thumbnail","hentry","category-cronica"],"_links":{"self":[{"href":"https:\/\/www.radiopresidenteibanez.cl\/web\/wp-json\/wp\/v2\/posts\/57326","targetHints":{"allow":["GET"]}}],"collection":[{"href":"https:\/\/www.radiopresidenteibanez.cl\/web\/wp-json\/wp\/v2\/posts"}],"about":[{"href":"https:\/\/www.radiopresidenteibanez.cl\/web\/wp-json\/wp\/v2\/types\/post"}],"author":[{"embeddable":true,"href":"https:\/\/www.radiopresidenteibanez.cl\/web\/wp-json\/wp\/v2\/users\/2"}],"replies":[{"embeddable":true,"href":"https:\/\/www.radiopresidenteibanez.cl\/web\/wp-json\/wp\/v2\/comments?post=57326"}],"version-history":[{"count":0,"href":"https:\/\/www.radiopresidenteibanez.cl\/web\/wp-json\/wp\/v2\/posts\/57326\/revisions"}],"wp:featuredmedia":[{"embeddable":true,"href":"https:\/\/www.radiopresidenteibanez.cl\/web\/wp-json\/wp\/v2\/media\/57327"}],"wp:attachment":[{"href":"https:\/\/www.radiopresidenteibanez.cl\/web\/wp-json\/wp\/v2\/media?parent=57326"}],"wp:term":[{"taxonomy":"category","embeddable":true,"href":"https:\/\/www.radiopresidenteibanez.cl\/web\/wp-json\/wp\/v2\/categories?post=57326"},{"taxonomy":"post_tag","embeddable":true,"href":"https:\/\/www.radiopresidenteibanez.cl\/web\/wp-json\/wp\/v2\/tags?post=57326"}],"curies":[{"name":"wp","href":"https:\/\/api.w.org\/{rel}","templated":true}]}}