{"id":57323,"date":"2025-07-01T12:47:00","date_gmt":"2025-07-01T15:47:00","guid":{"rendered":"https:\/\/www.radiopresidenteibanez.cl\/web\/?p=57323"},"modified":"2025-07-01T10:52:21","modified_gmt":"2025-07-01T13:52:21","slug":"consejero-rodolfo-cardenas-destaca-importancia-del-plan-de-zonas-extremas-para-el-desarrollo-de-tierra-del-fuego","status":"publish","type":"post","link":"https:\/\/www.radiopresidenteibanez.cl\/web\/consejero-rodolfo-cardenas-destaca-importancia-del-plan-de-zonas-extremas-para-el-desarrollo-de-tierra-del-fuego\/","title":{"rendered":"Consejero Rodolfo C\u00e1rdenas destaca importancia del Plan de Zonas Extremas para el desarrollo de Tierra del Fuego"},"content":{"rendered":"\n<p>El consejero regional y representante de Tierra del Fuego, Rodolfo C\u00e1rdenas, manifest\u00f3 su respaldo al Plan de Zonas Extremas, destacando su rol fundamental en la integraci\u00f3n territorial y el desarrollo de las localidades aisladas, como la provincia fueguina. A trav\u00e9s de una declaraci\u00f3n p\u00fablica, valor\u00f3 el trabajo que ha significado la continuidad de esta pol\u00edtica desde su creaci\u00f3n.<\/p>\n\n\n\n<p>\u00abQuiero valorar el desarrollo y gesti\u00f3n del Plan de Zonas Extremas desde la creaci\u00f3n de esta metodolog\u00eda en el gobierno de la presidenta Michelle Bachelet y su ejecuci\u00f3n hasta la actualidad\u00bb, se\u00f1al\u00f3 el consejero, subrayando la importancia de este instrumento como pol\u00edtica p\u00fablica que busca equiparar oportunidades en regiones apartadas del pa\u00eds.<\/p>\n\n\n\n<p>C\u00e1rdenas afirm\u00f3 que esta herramienta ha permitido visualizar una proyecci\u00f3n clara para Tierra del Fuego. \u201cTenemos una gran proyecci\u00f3n de desarrollo en base a estas pol\u00edticas de Estado que buscan generar infraestructura habilitante para que se potencie el desarrollo, la satisfacci\u00f3n de necesidades, el crecimiento econ\u00f3mico y, por cierto, mayor seguridad social y productiva\u201d, indic\u00f3.<\/p>\n\n\n\n<p>El representante fueguino sostuvo adem\u00e1s que estas acciones contribuyen a reducir desigualdades que por d\u00e9cadas han afectado al territorio. \u201cDisminuyendo brechas hist\u00f3ricas que ten\u00edamos como territorio, como las que sigue teniendo Tierra del Fuego\u201d, enfatiz\u00f3.<\/p>\n\n\n\n<p>Finalmente, comprometi\u00f3 su labor fiscalizadora y el seguimiento del cumplimiento de los compromisos adquiridos en el marco del plan. \u201cRequiere que este plan siga adelante y se ejecute en condiciones adecuadas y para lo cual nosotros realizaremos el seguimiento y la evaluaci\u00f3n respectiva durante lo que dura nuestro mandato\u201d, concluy\u00f3.<\/p>\n","protected":false},"excerpt":{"rendered":"<p>El consejero regional y representante de Tierra del Fuego, Rodolfo C\u00e1rdenas, manifest\u00f3 su respaldo al Plan de Zonas Extremas, destacando su rol fundamental en la integraci\u00f3n territorial y el desarrollo&#8230; <a class=\"read-more\" href=\"https:\/\/www.radiopresidenteibanez.cl\/web\/consejero-rodolfo-cardenas-destaca-importancia-del-plan-de-zonas-extremas-para-el-desarrollo-de-tierra-del-fuego\/\">Leer m\u00e1s<\/a><\/p>\n","protected":false},"author":2,"featured_media":57324,"comment_status":"closed","ping_status":"closed","sticky":false,"template":"","format":"standard","meta":{"footnotes":""},"categories":[1],"tags":[],"class_list":["post-57323","post","type-post","status-publish","format-standard","has-post-thumbnail","hentry","category-cronica"],"_links":{"self":[{"href":"https:\/\/www.radiopresidenteibanez.cl\/web\/wp-json\/wp\/v2\/posts\/57323","targetHints":{"allow":["GET"]}}],"collection":[{"href":"https:\/\/www.radiopresidenteibanez.cl\/web\/wp-json\/wp\/v2\/posts"}],"about":[{"href":"https:\/\/www.radiopresidenteibanez.cl\/web\/wp-json\/wp\/v2\/types\/post"}],"author":[{"embeddable":true,"href":"https:\/\/www.radiopresidenteibanez.cl\/web\/wp-json\/wp\/v2\/users\/2"}],"replies":[{"embeddable":true,"href":"https:\/\/www.radiopresidenteibanez.cl\/web\/wp-json\/wp\/v2\/comments?post=57323"}],"version-history":[{"count":0,"href":"https:\/\/www.radiopresidenteibanez.cl\/web\/wp-json\/wp\/v2\/posts\/57323\/revisions"}],"wp:featuredmedia":[{"embeddable":true,"href":"https:\/\/www.radiopresidenteibanez.cl\/web\/wp-json\/wp\/v2\/media\/57324"}],"wp:attachment":[{"href":"https:\/\/www.radiopresidenteibanez.cl\/web\/wp-json\/wp\/v2\/media?parent=57323"}],"wp:term":[{"taxonomy":"category","embeddable":true,"href":"https:\/\/www.radiopresidenteibanez.cl\/web\/wp-json\/wp\/v2\/categories?post=57323"},{"taxonomy":"post_tag","embeddable":true,"href":"https:\/\/www.radiopresidenteibanez.cl\/web\/wp-json\/wp\/v2\/tags?post=57323"}],"curies":[{"name":"wp","href":"https:\/\/api.w.org\/{rel}","templated":true}]}}