{"id":57320,"date":"2025-07-01T11:13:00","date_gmt":"2025-07-01T14:13:00","guid":{"rendered":"https:\/\/www.radiopresidenteibanez.cl\/web\/?p=57320"},"modified":"2025-07-01T10:46:44","modified_gmt":"2025-07-01T13:46:44","slug":"reserva-de-la-biosfera-de-cabo-de-hornos-celebra-20-anos-de-conservacion-y-patrimonio-cultural","status":"publish","type":"post","link":"https:\/\/www.radiopresidenteibanez.cl\/web\/reserva-de-la-biosfera-de-cabo-de-hornos-celebra-20-anos-de-conservacion-y-patrimonio-cultural\/","title":{"rendered":"Reserva de la Bi\u00f3sfera de Cabo de Hornos celebra 20 a\u00f1os de conservaci\u00f3n y patrimonio cultural"},"content":{"rendered":"\n<p>Diversas autoridades y representantes de instituciones p\u00fablicas y del mundo cient\u00edfico celebraron este lunes los 20 a\u00f1os de la creaci\u00f3n de la Reserva de la Bi\u00f3sfera Cabo de Hornos, la m\u00e1s austral de Chile y del mundo, reconocida por la UNESCO desde 2005. Este hito destaca la importancia de un territorio \u00fanico por su biodiversidad, sus ecosistemas pr\u00edstinos y su invaluable herencia cultural.<\/p>\n\n\n\n<p>La conmemoraci\u00f3n fue encabezada por el alcalde de Cabo de Hornos, Patricio Fern\u00e1ndez, quien destac\u00f3 el valor del trabajo sostenido durante dos d\u00e9cadas para conservar este patrimonio natural y cultural.<\/p>\n\n\n\n<p>\u201cEn este d\u00eda tan especial queremos reconocer los 20 a\u00f1os de la Reserva de la Bi\u00f3sfera ac\u00e1 en la comuna de Cabo de Hornos, en la provincia Ant\u00e1rtica. La reserva es un territorio que busca armonizar la conservaci\u00f3n de la biodiversidad, el patrimonio cultural de esta tierra, y es de esta manera que promovemos la investigaci\u00f3n, la ciencia, la educaci\u00f3n. En materia ambiental, es un trabajo que estamos realizando ya desde hace 20 a\u00f1os\u201d, expres\u00f3 el jefe comunal.<\/p>\n\n\n\n<p>Fern\u00e1ndez subray\u00f3 que este aniversario no solo conmemora el pasado, sino que proyecta hacia el futuro el compromiso de la comunidad local y de las instituciones con la sostenibilidad y el desarrollo arm\u00f3nico con la naturaleza.<\/p>\n\n\n\n<p>Asimismo, el seremi del Medio Ambiente, Enrique Rebolledo Toro, recalc\u00f3 la magnitud de esta \u00e1rea protegida y su relevancia ecol\u00f3gica a nivel global.<\/p>\n\n\n\n<p>\u201cEste a\u00f1o se cumplen 20 a\u00f1os de la creaci\u00f3n de la Reserva de Bi\u00f3sfera Cabo de Hornos, la reserva de bi\u00f3sfera m\u00e1s austral de nuestro pa\u00eds y del mundo, en la cual se protegen m\u00e1s de 4 millones de hect\u00e1reas entre territorios marinos y terrestres de nuestra hermosa regi\u00f3n de Magallanes\u201d.<\/p>\n\n\n\n<p>Tambi\u00e9n particip\u00f3 en la actividad la delegada presidencial provincial de la Ant\u00e1rtica Chilena, Constanza Calisto, quien valor\u00f3 el impacto que esta figura internacional de protecci\u00f3n ha tenido en la preservaci\u00f3n de ecosistemas \u00fanicos.<\/p>\n\n\n\n<p>\u201cEsta figura de protecci\u00f3n, de car\u00e1cter internacional, ha permitido conservar un ecosistema \u00fanico en el mundo, con presencia de glaciares, grandes extensiones de bosques y turberas. Nuestro territorio es refugio para una gran diversidad de especies end\u00e9micas y nativas, como l\u00edquenes y musgos a nivel mundial\u201d, destac\u00f3.<\/p>\n\n\n\n<p>El homenaje reuni\u00f3 adem\u00e1s a representantes de distintas instituciones que han sido parte activa de este proceso de conservaci\u00f3n durante las \u00faltimas dos d\u00e9cadas. Desde la Armada de Chile, el capit\u00e1n de corbeta Francisco Briones reafirm\u00f3 el compromiso institucional con la protecci\u00f3n del entorno natural.<\/p>\n\n\n\n<p>\u201cEn el marco de los 20 a\u00f1os que cumple la Reserva de la Bi\u00f3sfera Cabo de Hornos, como instituci\u00f3n, como Armada de Chile, reafirmamos nuestro compromiso con el medio ambiente y con las zonas protegidas de nuestro pa\u00eds\u201d.<\/p>\n\n\n\n<p>Al respecto, desde la 4\u00aa Comisar\u00eda de Puerto Williams, el comisario Nemesio Godoy destac\u00f3 el valor patrimonial del territorio:<\/p>\n\n\n\n<p>\u201cHemos sido part\u00edcipes y testigos presenciales del crecimiento de nuestra comuna y tambi\u00e9n de lo que significa este nuevo aniversario de la Reserva Cabo de Hornos. Ya desde el 2005, se conmemoran 20 a\u00f1os de este hito. La humanidad completa debe considerarlo como patrimonio\u201d, afirm\u00f3.<\/p>\n\n\n\n<p>El componente cultural y ancestral tambi\u00e9n tuvo un espacio relevante durante la celebraci\u00f3n. El presidente de la comunidad Yag\u00e1n de Bah\u00eda Mejillones, Rodrigo Barr\u00eda, puso en valor el rol de la reserva en la preservaci\u00f3n de la identidad del pueblo originario.<\/p>\n\n\n\n<p>\u201cLa Reserva de la Bi\u00f3sfera de Cabo de Hornos recuerda, cuida y protege el territorio del pueblo Yag\u00e1n, contribuyendo a la conservaci\u00f3n de su patrimonio cultural y arqueol\u00f3gico, de quienes hemos habitado y navegado por la zona m\u00e1s austral del continente desde hace 7 mil a\u00f1os\u201d, coment\u00f3 Barr\u00eda.<\/p>\n\n\n\n<p>El investigador posdoctorante Javier Rendoll resalt\u00f3 el prestigio internacional de la zona como laboratorio natural:<\/p>\n\n\n\n<p>\u201cLa Reserva de Bi\u00f3sfera Cabo de Hornos es un territorio de prestigio y reconocimiento mundial para la educaci\u00f3n, conservaci\u00f3n e investigaci\u00f3n, siendo un laboratorio natural que ha permitido estudiar los m\u00faltiples ecosistemas y la biodiversidad que aqu\u00ed coexisten\u201d.<\/p>\n","protected":false},"excerpt":{"rendered":"<p>Diversas autoridades y representantes de instituciones p\u00fablicas y del mundo cient\u00edfico celebraron este lunes los 20 a\u00f1os de la creaci\u00f3n de la Reserva de la Bi\u00f3sfera Cabo de Hornos, la&#8230; <a class=\"read-more\" href=\"https:\/\/www.radiopresidenteibanez.cl\/web\/reserva-de-la-biosfera-de-cabo-de-hornos-celebra-20-anos-de-conservacion-y-patrimonio-cultural\/\">Leer m\u00e1s<\/a><\/p>\n","protected":false},"author":2,"featured_media":57321,"comment_status":"closed","ping_status":"closed","sticky":false,"template":"","format":"standard","meta":{"footnotes":""},"categories":[1],"tags":[],"class_list":["post-57320","post","type-post","status-publish","format-standard","has-post-thumbnail","hentry","category-cronica"],"_links":{"self":[{"href":"https:\/\/www.radiopresidenteibanez.cl\/web\/wp-json\/wp\/v2\/posts\/57320","targetHints":{"allow":["GET"]}}],"collection":[{"href":"https:\/\/www.radiopresidenteibanez.cl\/web\/wp-json\/wp\/v2\/posts"}],"about":[{"href":"https:\/\/www.radiopresidenteibanez.cl\/web\/wp-json\/wp\/v2\/types\/post"}],"author":[{"embeddable":true,"href":"https:\/\/www.radiopresidenteibanez.cl\/web\/wp-json\/wp\/v2\/users\/2"}],"replies":[{"embeddable":true,"href":"https:\/\/www.radiopresidenteibanez.cl\/web\/wp-json\/wp\/v2\/comments?post=57320"}],"version-history":[{"count":0,"href":"https:\/\/www.radiopresidenteibanez.cl\/web\/wp-json\/wp\/v2\/posts\/57320\/revisions"}],"wp:featuredmedia":[{"embeddable":true,"href":"https:\/\/www.radiopresidenteibanez.cl\/web\/wp-json\/wp\/v2\/media\/57321"}],"wp:attachment":[{"href":"https:\/\/www.radiopresidenteibanez.cl\/web\/wp-json\/wp\/v2\/media?parent=57320"}],"wp:term":[{"taxonomy":"category","embeddable":true,"href":"https:\/\/www.radiopresidenteibanez.cl\/web\/wp-json\/wp\/v2\/categories?post=57320"},{"taxonomy":"post_tag","embeddable":true,"href":"https:\/\/www.radiopresidenteibanez.cl\/web\/wp-json\/wp\/v2\/tags?post=57320"}],"curies":[{"name":"wp","href":"https:\/\/api.w.org\/{rel}","templated":true}]}}