{"id":57317,"date":"2025-07-01T09:52:00","date_gmt":"2025-07-01T12:52:00","guid":{"rendered":"https:\/\/www.radiopresidenteibanez.cl\/web\/?p=57317"},"modified":"2025-07-01T09:07:00","modified_gmt":"2025-07-01T12:07:00","slug":"diputado-matheson-alerta-por-posible-desabastecimiento-por-mantencion-de-transbordador-une-puerto-montt-con-puerto-natales","status":"publish","type":"post","link":"https:\/\/www.radiopresidenteibanez.cl\/web\/diputado-matheson-alerta-por-posible-desabastecimiento-por-mantencion-de-transbordador-une-puerto-montt-con-puerto-natales\/","title":{"rendered":"Diputado Matheson alerta por posible desabastecimiento por mantenci\u00f3n de transbordador une Puerto Montt con Puerto Natales"},"content":{"rendered":"\n<p>En \u201cestado de alerta\u201d se manifest\u00f3 el diputado Christian Matheson, ante las obras de<br>mantenci\u00f3n que, a partir del 16 de julio, tendr\u00e1 el transbordador que une la ruta entre Puerto<br>Montt y Puerto Natales y que transporta una serie de suministros a la Regi\u00f3n de<br>Magallanes.<br>Los trabajos se mantendr\u00e1n por m\u00e1s de un mes, toda vez que reci\u00e9n el 26 de agosto se<br>reanudar\u00e1n los viajes del transbordador.<br>Una situaci\u00f3n calificada de \u201cpreocupante\u201d por el legislador, quien alert\u00f3 que los trabajos de<br>mantenci\u00f3n \u201cpodr\u00edan dejar sin abastecimiento a la regi\u00f3n, pues la otra alternativa para unir<br>Magallanes con el centro del pa\u00eds es a trav\u00e9s de Argentina, lo que implica atravesar la<br>cordillera y estar sujeto a cortes de ruta producto de posibles nevadas, lo que hace muy<br>poco viable esa alternativa, adem\u00e1s de la imposibilidad de transportar ciertos insumos por<br>las restricciones que existen\u201d.<br>Por su parte, el presidente de los camioneros en la Regi\u00f3n de Magallanes, Carlos Estrada,<br>lament\u00f3 que \u201clos trabajos de mantenci\u00f3n se hagan justo en la \u00e9poca de invierno, donde<br>entendemos que hay menor movimiento de la nave, pero donde los m\u00e1s perjudicados son<br>los consumidores finales, pues todo lo que es alimentos frescos, como frutas y verduras,<br>son imposibles de transportar por los tiempos que implica aquello\u201d.<br>Estrada agreg\u00f3 que \u201csi bien entendemos que se trata de una mantenci\u00f3n programada, los<br>m\u00e1s afectados son los habitantes de Magallanes, pues de hacer el transporte de insumos y<br>materiales por v\u00eda terrestre, se corre el riesgo de quedarnos al otro lado de la cordillera por<br>las nevadas y estos trabajos se podr\u00edan haber hecho en otra \u00e9poca del a\u00f1o, donde las<br>condiciones clim\u00e1ticas son m\u00e1s favorables y no se corre el riesgo de perder alimentos que<br>necesitan mantener una cadena de fr\u00edo\u201d.<br>Finalmente, Matheson hizo un llamado a la Seremi de Transportes a que \u201cmientras duren<br>las obras de reparaci\u00f3n y mantenci\u00f3n del transbordador, se pueda disponer de otra nave que<br>reemplace y cubra el transbordo de alimentos e insumos entre Puerto Montt y Puerto<br>Natales, de manera tal que no exista la posibilidad que la Regi\u00f3n de Magallanes sufra<\/p>\n\n\n\n<p>desabastecimiento. De momento, no hemos conocido de planes de contingencia y eso es lo<br>que nos tiene m\u00e1s preocupados\u201d.<\/p>\n","protected":false},"excerpt":{"rendered":"<p>En \u201cestado de alerta\u201d se manifest\u00f3 el diputado Christian Matheson, ante las obras demantenci\u00f3n que, a partir del 16 de julio, tendr\u00e1 el transbordador que une la ruta entre PuertoMontt&#8230; <a class=\"read-more\" href=\"https:\/\/www.radiopresidenteibanez.cl\/web\/diputado-matheson-alerta-por-posible-desabastecimiento-por-mantencion-de-transbordador-une-puerto-montt-con-puerto-natales\/\">Leer m\u00e1s<\/a><\/p>\n","protected":false},"author":2,"featured_media":57318,"comment_status":"closed","ping_status":"closed","sticky":false,"template":"","format":"standard","meta":{"footnotes":""},"categories":[1],"tags":[],"class_list":["post-57317","post","type-post","status-publish","format-standard","has-post-thumbnail","hentry","category-cronica"],"_links":{"self":[{"href":"https:\/\/www.radiopresidenteibanez.cl\/web\/wp-json\/wp\/v2\/posts\/57317","targetHints":{"allow":["GET"]}}],"collection":[{"href":"https:\/\/www.radiopresidenteibanez.cl\/web\/wp-json\/wp\/v2\/posts"}],"about":[{"href":"https:\/\/www.radiopresidenteibanez.cl\/web\/wp-json\/wp\/v2\/types\/post"}],"author":[{"embeddable":true,"href":"https:\/\/www.radiopresidenteibanez.cl\/web\/wp-json\/wp\/v2\/users\/2"}],"replies":[{"embeddable":true,"href":"https:\/\/www.radiopresidenteibanez.cl\/web\/wp-json\/wp\/v2\/comments?post=57317"}],"version-history":[{"count":0,"href":"https:\/\/www.radiopresidenteibanez.cl\/web\/wp-json\/wp\/v2\/posts\/57317\/revisions"}],"wp:featuredmedia":[{"embeddable":true,"href":"https:\/\/www.radiopresidenteibanez.cl\/web\/wp-json\/wp\/v2\/media\/57318"}],"wp:attachment":[{"href":"https:\/\/www.radiopresidenteibanez.cl\/web\/wp-json\/wp\/v2\/media?parent=57317"}],"wp:term":[{"taxonomy":"category","embeddable":true,"href":"https:\/\/www.radiopresidenteibanez.cl\/web\/wp-json\/wp\/v2\/categories?post=57317"},{"taxonomy":"post_tag","embeddable":true,"href":"https:\/\/www.radiopresidenteibanez.cl\/web\/wp-json\/wp\/v2\/tags?post=57317"}],"curies":[{"name":"wp","href":"https:\/\/api.w.org\/{rel}","templated":true}]}}