{"id":57314,"date":"2025-07-01T08:49:00","date_gmt":"2025-07-01T11:49:00","guid":{"rendered":"https:\/\/www.radiopresidenteibanez.cl\/web\/?p=57314"},"modified":"2025-07-01T08:25:54","modified_gmt":"2025-07-01T11:25:54","slug":"57314-2","status":"publish","type":"post","link":"https:\/\/www.radiopresidenteibanez.cl\/web\/57314-2\/","title":{"rendered":""},"content":{"rendered":"\n<p>TALTAL.- Al menos cuatro personas fallecidas dej\u00f3 el volcamiento de un bus de bandera argentina en la comuna de Taltal, Regi\u00f3n de Antofagasta. Seg\u00fan la informaci\u00f3n policial, el accidente, ocurrido a la altura del kil\u00f3metro 1.118 la Ruta 5 Norte, dej\u00f3 tambi\u00e9n 29 heridos de diversa consideraci\u00f3n, entre ellos, dos pacientes en estado cr\u00edtico y seis en condici\u00f3n grave.<\/p>\n\n\n\n<p>TALTAL.-Inicialmente se hablaba de s\u00f3lo tres fallecidos, pero el director regional del Senapred, Ricardo Munizaga, confirm\u00f3 m\u00e1s tarde que existe una cuarta v\u00edctima fatal. El bus, que<br>sali\u00f3 de Lima rumbo a Santiago, corresponde a la l\u00ednea R\u00e1pido Internacional de la empresa Turismo Andesmar.<\/p>\n\n\n\n<p>TALTAL.-Los servicios de emergencia, incluyendo varios m\u00f3viles del SAMU y ambulancias provenientes de empresas mineras del sector, se han desplegado en la zona para atender<br>a los heridos y gestionar la emergencia. La Secci\u00f3n de Investigaci\u00f3n de Accidentes de Tr\u00e1nsito (SIAT) de Carabineros de Antofagasta encabeza las pericias en el sitio del suceso para establecer las causas de este fatal volcamiento.<\/p>\n\n\n\n<p>SANTIAGO.- La candidata presidencial oficialista, Jeannette Jara, PC, acudi\u00f3 al domicilio del Barrio Yungay del Presidente Gabriel Boric, para un saludo protocolar programado despu\u00e9s de su triunfo en la primaria. El encuentro fue m\u00e1s bien distendido, y se desarroll\u00f3 en la casona de Hu\u00e9rfanos porque el Mandatario est\u00e1 haciendo uso de su postnatal tras el nacimiento de su hija, Violeta.<\/p>\n\n\n\n<p>SANTIAGO.- Mientras la exministra hablaba con los periodistas afuera de la vivienda, tras su llegada, el propio Jefe de Gobierno sali\u00f3 a buscarla y la invit\u00f3 a pasar, y m\u00e1s tarde, se supo que le ten\u00eda preparada una once.Tambi\u00e9n trascendi\u00f3 que la candidata conoci\u00f3 a Violeta durante la reuni\u00f3n, y entreg\u00f3 un regalo a sus padres, prendas de ropa para la beb\u00e9.<\/p>\n\n\n\n<p>SANTIAGO.- En tanto, en un punto de prensa posterior, Jara revel\u00f3 que \u00abestuvimos conversando desde lo humano hasta lo pol\u00edtico. Como sabemos, nuestro Presidente es una persona muy<br>afectuosa, as\u00ed que recib\u00ed su saludo con mucho cari\u00f1o y afecto. \u00abY de lo pol\u00edtico, valoro que bajo su liderazgo, se pudo realizar una primaria en la centroizquierda chilena, no como en la derecha\u00bb, se\u00f1al\u00f3.<\/p>\n\n\n\n<p>SANTIAGO.- Sobre si Boric le dio alg\u00fan consejo para enfrentar la carrera a La Moneda, indic\u00f3 que \u00abme dijo algo bien sabio: que uno tiene que entregar todo en estas contiendas, pero siempre mantenerse tranquila\u00bb. \u00abCreo que va a ser una buena cosa que tengamos una coalici\u00f3n amplia que apoye la candidatura. Este martes vamos a tener actividades con los otros partidos, y espero que se sigan sumando, la DC y otros, estoy a disposici\u00f3n para escucharles\u00bb, asever\u00f3 la militante<br>comunista.<\/p>\n\n\n\n<p>SANTIAGO.- La excandidata del Socialismo Democr\u00e1tico, Carolina Toh\u00e1, tras su derrota comparti\u00f3 una extensa reflexi\u00f3n, m\u00e1s \u00aben fr\u00edo\u00bb, insistiendo en que el resultado no era el que esperaban y que ahora, en lo personal, \u00abse abre un tiempo para estar fuera de la primera l\u00ednea\u00bb. As\u00ed agradeci\u00f3<br>\u00aba cada persona que confi\u00f3 en este proyecto. Gracias a quienes nos escucharon, compartieron sus historias y nos abrieron sus casas, voluntarios y los que fueron a votar\u00bb, dijo.<\/p>\n\n\n\n<p>SANTIAGO.- A trav\u00e9s de su cuenta de X, a\u00f1adi\u00f3 que \u00abel resultado no fue el que esper\u00e1bamos. Hoy es el momento de reconocer y felicitar el triunfo de Jeanette Jara. Nuestras ideas siguen siendo necesarias para el Chile que viene, aunque tendremos que reflexionar sobre c\u00f3mo hacerlas m\u00e1s<br>convocantes. En lo personal, se abre un tiempo para estar fuera de la primera l\u00ednea, aunque buscar\u00e9 formas de aportar al desaf\u00edo presidencial y al futuro del pa\u00eds. Much\u00edsimas gracias por todo\u00bb, cerr\u00f3.<\/p>\n","protected":false},"excerpt":{"rendered":"<p>TALTAL.- Al menos cuatro personas fallecidas dej\u00f3 el volcamiento de un bus de bandera argentina en la comuna de Taltal, Regi\u00f3n de Antofagasta. Seg\u00fan la informaci\u00f3n policial, el accidente, ocurrido&#8230; <a class=\"read-more\" href=\"https:\/\/www.radiopresidenteibanez.cl\/web\/57314-2\/\">Leer m\u00e1s<\/a><\/p>\n","protected":false},"author":2,"featured_media":57315,"comment_status":"closed","ping_status":"closed","sticky":false,"template":"","format":"standard","meta":{"footnotes":""},"categories":[1],"tags":[],"class_list":["post-57314","post","type-post","status-publish","format-standard","has-post-thumbnail","hentry","category-cronica"],"_links":{"self":[{"href":"https:\/\/www.radiopresidenteibanez.cl\/web\/wp-json\/wp\/v2\/posts\/57314","targetHints":{"allow":["GET"]}}],"collection":[{"href":"https:\/\/www.radiopresidenteibanez.cl\/web\/wp-json\/wp\/v2\/posts"}],"about":[{"href":"https:\/\/www.radiopresidenteibanez.cl\/web\/wp-json\/wp\/v2\/types\/post"}],"author":[{"embeddable":true,"href":"https:\/\/www.radiopresidenteibanez.cl\/web\/wp-json\/wp\/v2\/users\/2"}],"replies":[{"embeddable":true,"href":"https:\/\/www.radiopresidenteibanez.cl\/web\/wp-json\/wp\/v2\/comments?post=57314"}],"version-history":[{"count":0,"href":"https:\/\/www.radiopresidenteibanez.cl\/web\/wp-json\/wp\/v2\/posts\/57314\/revisions"}],"wp:featuredmedia":[{"embeddable":true,"href":"https:\/\/www.radiopresidenteibanez.cl\/web\/wp-json\/wp\/v2\/media\/57315"}],"wp:attachment":[{"href":"https:\/\/www.radiopresidenteibanez.cl\/web\/wp-json\/wp\/v2\/media?parent=57314"}],"wp:term":[{"taxonomy":"category","embeddable":true,"href":"https:\/\/www.radiopresidenteibanez.cl\/web\/wp-json\/wp\/v2\/categories?post=57314"},{"taxonomy":"post_tag","embeddable":true,"href":"https:\/\/www.radiopresidenteibanez.cl\/web\/wp-json\/wp\/v2\/tags?post=57314"}],"curies":[{"name":"wp","href":"https:\/\/api.w.org\/{rel}","templated":true}]}}