{"id":57311,"date":"2025-07-01T08:18:00","date_gmt":"2025-07-01T11:18:00","guid":{"rendered":"https:\/\/www.radiopresidenteibanez.cl\/web\/?p=57311"},"modified":"2025-07-01T08:12:14","modified_gmt":"2025-07-01T11:12:14","slug":"servicio-de-registro-civil-e-identificacion-se-consolida-en-puerto-williams","status":"publish","type":"post","link":"https:\/\/www.radiopresidenteibanez.cl\/web\/servicio-de-registro-civil-e-identificacion-se-consolida-en-puerto-williams\/","title":{"rendered":"SERVICIO DE REGISTRO CIVIL E IDENTIFICACI\u00d3N SE CONSOLIDA EN PUERTO WILLIAMS"},"content":{"rendered":"\n<p>Hasta la ciudad m\u00e1s austral del mundo lleg\u00f3 el pasado mi\u00e9rcoles la Directora Regional del Servicio<br>de Registro Civil e Identificaci\u00f3n, Lorena Bustamante N\u00fa\u00f1ez, quien visit\u00f3 por primera vez la<br>Provincia Ant\u00e1rtica para tomar contacto con aquella comunidad y vincularse con las autoridades<br>del territorio. All\u00ed, una contingencia clim\u00e1tica la oblig\u00f3 a prolongar su estad\u00eda desde el jueves hasta<br>el s\u00e1bado, sin embargo, este percance le permiti\u00f3 interactuar y conocer de mejor manera las<br>necesidades y condiciones de Cabo de Hornos.<br>Tras su llegada, la autoridad se reuni\u00f3 con la Oficial Civil, Sandra C\u00e1rcamo S\u00e1ez, a fin de conocer la<br>oficina y recibir inquietudes y\/o requerimientos que sean necesarios para el buen funcionamiento.<br>Por otra parte, tuvo la posibilidad de reunirse con las autoridades de dicha localidad: Delegado<br>Presidencial Provincial (S) y Alcalde, lo que le permiti\u00f3 conocer los requerimientos del territorio.<br>Como eje estrat\u00e9gico, Lorena Bustamante particip\u00f3 de un operativo de atenci\u00f3n a un Club de<br>Adulto Mayor, en cuya actividad junto a la Oficial Civil pudieron brindar una serie de prestaciones<br>con la maleta de atenci\u00f3n en terreno, implemento que permite al Servicio desplegarse y acercar<br>sus productos a la comunidad como la c\u00e9dula de identidad, pasaporte y C\u00f3digo de Activaci\u00f3n para<br>la Clave \u00danica.<br>Con relaci\u00f3n al funcionamiento de la oficina unipersonal en la Provincia Ant\u00e1rtica, a trav\u00e9s de su<br>Oficial Civil titular asentada all\u00ed, valor\u00f3 que \u201cla comunidad reconoce un tremendo aporte y que los<br>tr\u00e1mites son m\u00e1s expeditos y tienen m\u00e1s acceso a los diferentes servicios. Y estamos con<br>proyecci\u00f3n de crecer ah\u00ed, ciertamente es importante tener una oficina que tenga m\u00e1s de un<br>funcionario por temas de control, de continuidad en el servicio (si la persona se enferma)\u201d.<br>En otro orden, inform\u00f3 que el tema de inscripci\u00f3n de veh\u00edculos es el tr\u00e1mite m\u00e1s solicitado<br>actuaciones en Puerto Williams, junto a la c\u00e9dula de identidad, pasaporte y C\u00f3digo de Activaci\u00f3n<br>para la Clave \u00danica.<br>La Directora Regional resalt\u00f3 el poder acercar el servicio a la ciudadan\u00eda, conocer sus inquietudes y<br>recibir una retroalimentaci\u00f3n muy valiosa: \u201cMe nace una gran satisfacci\u00f3n, porque la funcionaria<br>del Servicio de Registro Civil e Identificaci\u00f3n marca la diferencia, con una atenci\u00f3n expedita y con<br>mucho conocimiento, que resuelve las distintas situaciones de las y los usuarios. Y nos deriva a una<br>responsabilidad de mantener y seguir mejorando el est\u00e1ndar de atenci\u00f3n, aunque sea el territorio<\/p>\n\n\n\n<p>m\u00e1s alejado de Chile, que tenga la misma calidad de servicio como si estuviera en la cabecera<br>regional\u201d.<br>Por su parte, la Seremi de Justicia y Derechos Humanos, Michelle Peutat Alvarado, destac\u00f3 que<br>este compromiso del Registro Civil por estar en el territorio, \u201creafirma nuestro esfuerzo<br>permanente como ministerio por garantizar el acceso a la justicia, en este caso, hacer crecer ese<br>est\u00e1ndar de calidad que mantiene y seguir acerc\u00e1ndonos a la comunidad, a trav\u00e9s de una mayor y<br>m\u00e1s cercana presencia a trav\u00e9s de nuevos dispositivos de atenci\u00f3n. Esto, adem\u00e1s de tomar<br>contacto con la realidad de la provincia y seguir pensando en c\u00f3mo crecer y mejorar en Puerto<br>Williams\u201d.<br>El horario de atenci\u00f3n de la oficina del Servicio de Registro Civil localizada en la Delegaci\u00f3n<br>Presidencial Provincial de la Ant\u00e1rtica Chilena (calle O&#8217;Higgins 187, Puerto Williams), es de lunes a<br>viernes, entre las 8:30 y 14:00 horas<\/p>\n","protected":false},"excerpt":{"rendered":"<p>Hasta la ciudad m\u00e1s austral del mundo lleg\u00f3 el pasado mi\u00e9rcoles la Directora Regional del Serviciode Registro Civil e Identificaci\u00f3n, Lorena Bustamante N\u00fa\u00f1ez, quien visit\u00f3 por primera vez laProvincia Ant\u00e1rtica&#8230; <a class=\"read-more\" href=\"https:\/\/www.radiopresidenteibanez.cl\/web\/servicio-de-registro-civil-e-identificacion-se-consolida-en-puerto-williams\/\">Leer m\u00e1s<\/a><\/p>\n","protected":false},"author":2,"featured_media":57312,"comment_status":"closed","ping_status":"closed","sticky":false,"template":"","format":"standard","meta":{"footnotes":""},"categories":[1],"tags":[],"class_list":["post-57311","post","type-post","status-publish","format-standard","has-post-thumbnail","hentry","category-cronica"],"_links":{"self":[{"href":"https:\/\/www.radiopresidenteibanez.cl\/web\/wp-json\/wp\/v2\/posts\/57311","targetHints":{"allow":["GET"]}}],"collection":[{"href":"https:\/\/www.radiopresidenteibanez.cl\/web\/wp-json\/wp\/v2\/posts"}],"about":[{"href":"https:\/\/www.radiopresidenteibanez.cl\/web\/wp-json\/wp\/v2\/types\/post"}],"author":[{"embeddable":true,"href":"https:\/\/www.radiopresidenteibanez.cl\/web\/wp-json\/wp\/v2\/users\/2"}],"replies":[{"embeddable":true,"href":"https:\/\/www.radiopresidenteibanez.cl\/web\/wp-json\/wp\/v2\/comments?post=57311"}],"version-history":[{"count":0,"href":"https:\/\/www.radiopresidenteibanez.cl\/web\/wp-json\/wp\/v2\/posts\/57311\/revisions"}],"wp:featuredmedia":[{"embeddable":true,"href":"https:\/\/www.radiopresidenteibanez.cl\/web\/wp-json\/wp\/v2\/media\/57312"}],"wp:attachment":[{"href":"https:\/\/www.radiopresidenteibanez.cl\/web\/wp-json\/wp\/v2\/media?parent=57311"}],"wp:term":[{"taxonomy":"category","embeddable":true,"href":"https:\/\/www.radiopresidenteibanez.cl\/web\/wp-json\/wp\/v2\/categories?post=57311"},{"taxonomy":"post_tag","embeddable":true,"href":"https:\/\/www.radiopresidenteibanez.cl\/web\/wp-json\/wp\/v2\/tags?post=57311"}],"curies":[{"name":"wp","href":"https:\/\/api.w.org\/{rel}","templated":true}]}}