{"id":57308,"date":"2025-06-30T19:28:00","date_gmt":"2025-06-30T22:28:00","guid":{"rendered":"https:\/\/www.radiopresidenteibanez.cl\/web\/?p=57308"},"modified":"2025-06-30T15:31:17","modified_gmt":"2025-06-30T18:31:17","slug":"federacion-nacional-de-sindicatos-de-profesionales-tecnicos-y-supervisores-de-enap-junto-a-presidenta-de-trabajadores-entregaron-misiva-al-presidente-gabriel-boric","status":"publish","type":"post","link":"https:\/\/www.radiopresidenteibanez.cl\/web\/federacion-nacional-de-sindicatos-de-profesionales-tecnicos-y-supervisores-de-enap-junto-a-presidenta-de-trabajadores-entregaron-misiva-al-presidente-gabriel-boric\/","title":{"rendered":"Federaci\u00f3n Nacional de Sindicatos de Profesionales, T\u00e9cnicos y Supervisores de ENAP junto a Presidenta de Trabajadores entregaron misiva al Presidente Gabriel Boric"},"content":{"rendered":"\n<p>En el marco del proceso de difusi\u00f3n y socializaci\u00f3n de las propuestas de modernizaci\u00f3n de la ley 21.025&nbsp; que dota a la Empresa Nacional del Petr\u00f3leo de un gobierno corporativo, la Federaci\u00f3n Nacional de Sindicatos de Profesionales, T\u00e9cnicos y Supervisores de ENAP (FESENAP), junto a la Presidenta del Sindicato de Trabajadores de Magallanes, Graciela V\u00e1squez, sostuvieron un encuentro con el Presidente de la Rep\u00fablica, Gabriel Boric Font, en el marco de su votaci\u00f3n en Punta Arenas, donde pudieron dialogar y entregar una misiva expresando sus inquietudes.<\/p>\n\n\n\n<p>En la instancia, Jorge Figueroa R\u00edos y Marco Mu\u00f1oz Elgueta, Presidente y Vicepresidente de FESENAP viajaron desde Concepci\u00f3n y Conc\u00f3n para concretar esta reuni\u00f3n y dentro de la minuta entregaron un resumen del trabajo que han desarrollado la Federaci\u00f3n con el objetivo de impulsar una modificaci\u00f3n a la Ley N\u00b0 21.025, que regula el gobierno corporativo de empresa nacional del petr\u00f3leo, ENAP.<\/p>\n\n\n\n<p>Graciela V\u00e1squez, presidenta del Sindicato de ENAP Magallanes, celebr\u00f3 la reciente aprobaci\u00f3n en el Senado de un proyecto de acuerdo que busca incorporar a un representante de los profesionales en el directorio de la empresa estatal. Esta iniciativa es un paso fundamental para garantizar que las decisiones estrat\u00e9gicas en el sector energ\u00e9tico cuenten con la valiosa perspectiva de quienes, d\u00eda a d\u00eda, aportan su conocimiento y experiencia en la materia.<\/p>\n\n\n\n<p>\u00abEs por ello, que en esta oportunidad hemos querido acompa\u00f1ar a nuestros compa\u00f1eros al encuentro con el Presidente ya que estamos convencidos de que la participaci\u00f3n de un representante de los profesionales en el directorio de ENAP no solo fortalecer\u00e1 la toma de decisiones, sino que tambi\u00e9n asegurar\u00e1 un enfoque m\u00e1s t\u00e9cnico y alineado con las necesidades del desarrollo energ\u00e9tico del pa\u00eds\u00bb, afirm\u00f3 V\u00e1squez. \u00abEs esencial que quienes est\u00e1n en la primera l\u00ednea de la industria tengan voz en las instancias donde se definen los rumbos y las pol\u00edticas que impactan nuestro trabajo y el futuro energ\u00e9tico de Chile, y eso incluye a los trabajadores y trabajadoras desde los operadores hasta los de l\u00ednea de producci\u00f3n, con inclusi\u00f3n total\u201d, afirm\u00f3 la l\u00edder sindical.<\/p>\n\n\n\n<p>La Federaci\u00f3n Nacional de Sindicatos de profesionales, t\u00e9cnicos y supervisores de la Empresa Nacional del Petroleo, valora profundamente la disposici\u00f3n del Presidente, Gabriel Boric Font, para dialogar sobre el presente y futuro de ENAP, as\u00ed como su apertura para acoger una iniciativa que ha contado con amplio respaldo parlamentario.<\/p>\n\n\n\n<p>Como Federaci\u00f3n que representa a cientos de profesionales, t\u00e9cnicos y supervisores y trabajadores y trabajadoras de la empresa, reafirmamos nuestro compromiso con una ENAP m\u00e1s participativa, transparente y alineada con los desaf\u00edos que plantea la transici\u00f3n energ\u00e9tica, el desarrollo sostenible y una gesti\u00f3n p\u00fablica eficiente.<\/p>\n","protected":false},"excerpt":{"rendered":"<p>En el marco del proceso de difusi\u00f3n y socializaci\u00f3n de las propuestas de modernizaci\u00f3n de la ley 21.025&nbsp; que dota a la Empresa Nacional del Petr\u00f3leo de un gobierno corporativo,&#8230; <a class=\"read-more\" href=\"https:\/\/www.radiopresidenteibanez.cl\/web\/federacion-nacional-de-sindicatos-de-profesionales-tecnicos-y-supervisores-de-enap-junto-a-presidenta-de-trabajadores-entregaron-misiva-al-presidente-gabriel-boric\/\">Leer m\u00e1s<\/a><\/p>\n","protected":false},"author":2,"featured_media":57309,"comment_status":"closed","ping_status":"closed","sticky":false,"template":"","format":"standard","meta":{"footnotes":""},"categories":[1],"tags":[],"class_list":["post-57308","post","type-post","status-publish","format-standard","has-post-thumbnail","hentry","category-cronica"],"_links":{"self":[{"href":"https:\/\/www.radiopresidenteibanez.cl\/web\/wp-json\/wp\/v2\/posts\/57308","targetHints":{"allow":["GET"]}}],"collection":[{"href":"https:\/\/www.radiopresidenteibanez.cl\/web\/wp-json\/wp\/v2\/posts"}],"about":[{"href":"https:\/\/www.radiopresidenteibanez.cl\/web\/wp-json\/wp\/v2\/types\/post"}],"author":[{"embeddable":true,"href":"https:\/\/www.radiopresidenteibanez.cl\/web\/wp-json\/wp\/v2\/users\/2"}],"replies":[{"embeddable":true,"href":"https:\/\/www.radiopresidenteibanez.cl\/web\/wp-json\/wp\/v2\/comments?post=57308"}],"version-history":[{"count":0,"href":"https:\/\/www.radiopresidenteibanez.cl\/web\/wp-json\/wp\/v2\/posts\/57308\/revisions"}],"wp:featuredmedia":[{"embeddable":true,"href":"https:\/\/www.radiopresidenteibanez.cl\/web\/wp-json\/wp\/v2\/media\/57309"}],"wp:attachment":[{"href":"https:\/\/www.radiopresidenteibanez.cl\/web\/wp-json\/wp\/v2\/media?parent=57308"}],"wp:term":[{"taxonomy":"category","embeddable":true,"href":"https:\/\/www.radiopresidenteibanez.cl\/web\/wp-json\/wp\/v2\/categories?post=57308"},{"taxonomy":"post_tag","embeddable":true,"href":"https:\/\/www.radiopresidenteibanez.cl\/web\/wp-json\/wp\/v2\/tags?post=57308"}],"curies":[{"name":"wp","href":"https:\/\/api.w.org\/{rel}","templated":true}]}}