{"id":57305,"date":"2025-06-30T17:51:00","date_gmt":"2025-06-30T20:51:00","guid":{"rendered":"https:\/\/www.radiopresidenteibanez.cl\/web\/?p=57305"},"modified":"2025-06-30T15:23:09","modified_gmt":"2025-06-30T18:23:09","slug":"profesionales-de-tratamiento-en-drogas-incrementan-capacidades-claves-para-proteger-a-la-comunidad","status":"publish","type":"post","link":"https:\/\/www.radiopresidenteibanez.cl\/web\/profesionales-de-tratamiento-en-drogas-incrementan-capacidades-claves-para-proteger-a-la-comunidad\/","title":{"rendered":"Profesionales de tratamiento en drogas incrementan capacidades claves para proteger a la comunidad"},"content":{"rendered":"\n<p>En el marco del Mes de la Prevenci\u00f3n, SENDA Magallanes lider\u00f3 una jornada de capacitaci\u00f3n dirigida a profesionales de los distintos centros de tratamiento de consumo de alcohol y otras drogas de la regi\u00f3n, con el objetivo de fortalecer sus conocimientos y herramientas para una atenci\u00f3n m\u00e1s integral, inclusiva y especializada.<\/p>\n\n\n\n<p>La actividad reuni\u00f3 a equipos cl\u00ednicos y t\u00e9cnicos que trabajan directamente en el acompa\u00f1amiento de personas con consumo problem\u00e1tico, promoviendo una mirada actualizada e intersectorial.<\/p>\n\n\n\n<p>Entre las presentaciones, estuvo la del director regional de la Corporaci\u00f3n Nacional de Desarrollo Ind\u00edgena, (CONADI)&nbsp; Nelson Aguilera, quien expuso sobre la importancia de promover, coordinar y ejecutar la acci\u00f3n estatal en favor de los pueblos ind\u00edgenas considerando las especificidades de estas comunidades ajustando los enfoques de tratamiento para garantizar el acceso equitativo.<\/p>\n\n\n\n<p>Otro tema central fue la comprensi\u00f3n de la violencia en base al g\u00e9nero, a cargo de la relatora Reichel Vergara, profesional de la unidad de violencia de g\u00e9nero del SERNAMEG, quien abord\u00f3 las din\u00e1micas de violencia que atraviesan a mujeres y disidencias, enfatizando la relevancia de incorporar la perspectiva de g\u00e9nero en las intervenciones terap\u00e9uticas.<\/p>\n\n\n\n<p>Asimismo, Lorna Retamal Palma, encargada de tratamiento de SENDA Magallanes abord\u00f3 temas relativos a los procesos terap\u00e9uticos de las personas que ingresan a los centros de tratamiento, ya sean adolecentes, j\u00f3venes, mujeres o adultos en general.<\/p>\n\n\n\n<p>En la oportunidad tambi\u00e9n se present\u00f3 la implementaci\u00f3n de la nueva oferta del Servicio de Protecci\u00f3n Especializada de la Ni\u00f1ez y la Adolescencia, destacando la coordinaci\u00f3n necesaria para una atenci\u00f3n oportuna y eficaz a ni\u00f1os, ni\u00f1as y adolescentes con vulneraciones de derechos y consumo problem\u00e1tico.<\/p>\n\n\n\n<p>En tanto, el equipo cl\u00ednico del centro de cumplimiento penitenciario comparti\u00f3 su experiencia y desaf\u00edos en la implementaci\u00f3n del programa intra penitenciario, reforzando la necesidad de un trabajo coordinado entre instituciones para favorecer la reinserci\u00f3n social.<\/p>\n\n\n\n<p>Finalmente, Daniela Barrientos D\u00edaz, gestora de calidad de SENDA, abord\u00f3 los procesos de entrevista inicial y confirmaci\u00f3n diagn\u00f3stica, entregando lineamientos y buenas pr\u00e1cticas para una evaluaci\u00f3n precisa que permita construir planes de tratamiento ajustados a cada realidad.<\/p>\n\n\n\n<p>Sobre la relevancia de esta jornada, el director regional (s) de SENDA Magallanes, \u00c1lvaro D\u00edaz Roa, se\u00f1al\u00f3: \u201cEl compromiso con la prevenci\u00f3n no se limita a las campa\u00f1as p\u00fablicas; pasa tambi\u00e9n por fortalecer a los equipos que acompa\u00f1an a las personas en tratamiento. Queremos asegurar una atenci\u00f3n de calidad, con perspectiva de g\u00e9nero, inclusiva y ajustada a las necesidades de nuestra poblaci\u00f3n. Por eso es tan valiosa esta instancia de capacitaci\u00f3n en el Mes de la Prevenci\u00f3n.\u201d<\/p>\n\n\n\n<p>Con estas acciones, SENDA Magallanes refuerza su compromiso de articular una red de apoyo s\u00f3lida y especializada, capaz de dar respuesta a la complejidad de los consumos problem\u00e1ticos y sus efectos en las personas, sus familias y la comunidad.<\/p>\n\n\n\n<p>\u00c1lvaro D\u00edaz Roa, record\u00f3 que todos los programas de tratamiento son de acceso gratuito para toda la poblaci\u00f3n FONASA.<\/p>\n\n\n\n<p>Detall\u00f3 que para la poblaci\u00f3n adulta existen cinco centros de tratamiento en toda la regi\u00f3n, que cuentan con m\u00e1s de 100 cupos mensuales, incluyendo dos dispositivos que atienden exclusivamente a mujeres, preferentemente con hijos o hijas de hasta 5 a\u00f1os de edad.<\/p>\n\n\n\n<p>En poblaci\u00f3n adolescente, la regi\u00f3n cuenta con 2 centros de tratamiento con capacidad para atender mensualmente a 31 personas. A ellos, se suma un programa para adolescentes con infracci\u00f3n de ley.<\/p>\n\n\n\n<p>Todos los programas de tratamiento en la regi\u00f3n se ejecutan en convenio con el Servicio de Salud Magallanes.<\/p>\n\n\n\n<p>COBERTURA PROGRAMAS DE TRATAMIENTO<\/p>\n\n\n\n<p>\u2022&nbsp;&nbsp;&nbsp;&nbsp;&nbsp;&nbsp;&nbsp;&nbsp;&nbsp;&nbsp;&nbsp;&nbsp; Poblaci\u00f3n adulta general: 107 cupos mensuales en 5 centros. 2 programas espec\u00edficos para mujeres.<\/p>\n\n\n\n<p>\u2022&nbsp;&nbsp;&nbsp;&nbsp;&nbsp;&nbsp;&nbsp;&nbsp;&nbsp;&nbsp;&nbsp;&nbsp; Poblaci\u00f3n adolescente general: 31 cupos mensuales en 2 centros de tratamiento.<\/p>\n\n\n\n<p>\u2022&nbsp;&nbsp;&nbsp;&nbsp;&nbsp;&nbsp;&nbsp;&nbsp;&nbsp;&nbsp;&nbsp;&nbsp; Poblaci\u00f3n adolescente infracci\u00f3n de ley: 20 cupos mensuales en un centro de tratamiento<\/p>\n\n\n\n<p>\u2022&nbsp;&nbsp;&nbsp;&nbsp;&nbsp;&nbsp;&nbsp;&nbsp;&nbsp;&nbsp;&nbsp;&nbsp; Personas en situaci\u00f3n de calle: 15 cupos mensuales.<\/p>\n\n\n\n<p>\u2022&nbsp;&nbsp;&nbsp;&nbsp;&nbsp;&nbsp;&nbsp;&nbsp;&nbsp;&nbsp;&nbsp;&nbsp; Personas adultas en conflicto con la justicia: 20 cupos mensuales<\/p>\n\n\n\n<p>Las v\u00eda de acceso para quienes necesitan abordar la problem\u00e1tica es directamente en su Centro de Salud Familiar, CESFAM, tambi\u00e9n puede llamar a SENDA Magallanes 61 2 244485, o visitarnos en nuestra oficina ubicada en Sarmiento 845 para entregar orientaci\u00f3n. As\u00ed tambi\u00e9n contamos con el Fono Drogas y Alcohol 1412, donde escuchamos y brindamos el primer apoyo que muchas personas necesitan para iniciar un proceso de recuperaci\u00f3n.<\/p>\n\n\n\n<p>El Fono Drogas y Alcohol 1412, es atendido por profesionales capacitados para estos fines, est\u00e1 disponible las 24 horas, es gratuito y confidencial.<\/p>\n","protected":false},"excerpt":{"rendered":"<p>En el marco del Mes de la Prevenci\u00f3n, SENDA Magallanes lider\u00f3 una jornada de capacitaci\u00f3n dirigida a profesionales de los distintos centros de tratamiento de consumo de alcohol y otras&#8230; <a class=\"read-more\" href=\"https:\/\/www.radiopresidenteibanez.cl\/web\/profesionales-de-tratamiento-en-drogas-incrementan-capacidades-claves-para-proteger-a-la-comunidad\/\">Leer m\u00e1s<\/a><\/p>\n","protected":false},"author":2,"featured_media":57306,"comment_status":"closed","ping_status":"closed","sticky":false,"template":"","format":"standard","meta":{"footnotes":""},"categories":[1],"tags":[],"class_list":["post-57305","post","type-post","status-publish","format-standard","has-post-thumbnail","hentry","category-cronica"],"_links":{"self":[{"href":"https:\/\/www.radiopresidenteibanez.cl\/web\/wp-json\/wp\/v2\/posts\/57305","targetHints":{"allow":["GET"]}}],"collection":[{"href":"https:\/\/www.radiopresidenteibanez.cl\/web\/wp-json\/wp\/v2\/posts"}],"about":[{"href":"https:\/\/www.radiopresidenteibanez.cl\/web\/wp-json\/wp\/v2\/types\/post"}],"author":[{"embeddable":true,"href":"https:\/\/www.radiopresidenteibanez.cl\/web\/wp-json\/wp\/v2\/users\/2"}],"replies":[{"embeddable":true,"href":"https:\/\/www.radiopresidenteibanez.cl\/web\/wp-json\/wp\/v2\/comments?post=57305"}],"version-history":[{"count":0,"href":"https:\/\/www.radiopresidenteibanez.cl\/web\/wp-json\/wp\/v2\/posts\/57305\/revisions"}],"wp:featuredmedia":[{"embeddable":true,"href":"https:\/\/www.radiopresidenteibanez.cl\/web\/wp-json\/wp\/v2\/media\/57306"}],"wp:attachment":[{"href":"https:\/\/www.radiopresidenteibanez.cl\/web\/wp-json\/wp\/v2\/media?parent=57305"}],"wp:term":[{"taxonomy":"category","embeddable":true,"href":"https:\/\/www.radiopresidenteibanez.cl\/web\/wp-json\/wp\/v2\/categories?post=57305"},{"taxonomy":"post_tag","embeddable":true,"href":"https:\/\/www.radiopresidenteibanez.cl\/web\/wp-json\/wp\/v2\/tags?post=57305"}],"curies":[{"name":"wp","href":"https:\/\/api.w.org\/{rel}","templated":true}]}}